{"id":181675,"date":"2019-09-07T23:28:14","date_gmt":"2019-09-08T02:28:14","guid":{"rendered":"https:\/\/www.redenoticia.com.br\/noticia\/?p=181675"},"modified":"2019-09-07T23:28:19","modified_gmt":"2019-09-08T02:28:19","slug":"resumo-novela-abismo-de-paixao-09-09-damiao-volta-para-o-povoado","status":"publish","type":"post","link":"https:\/\/migracao.redenoticia.com.br\/noticia\/2019\/resumo-novela-abismo-de-paixao-09-09-damiao-volta-para-o-povoado\/181675","title":{"rendered":"Resumo novela \u201cAbismo de Paix\u00e3o\u201d 09\/09: Dami\u00e3o volta para o povoado"},"content":{"rendered":"<p><img loading=\"lazy\" decoding=\"async\" class=\"aligncenter size-large wp-image-181127\" src=\"https:\/\/migracao.redenoticia.com.br\/noticia\/imagens\/abismo-de-paixao-sbt-resumo-327x300.jpg\" alt=\"\" width=\"327\" height=\"300\" srcset=\"https:\/\/migracao.redenoticia.com.br\/noticia\/imagens\/abismo-de-paixao-sbt-resumo-327x300.jpg 327w, https:\/\/migracao.redenoticia.com.br\/noticia\/imagens\/abismo-de-paixao-sbt-resumo-204x187.jpg 204w, https:\/\/migracao.redenoticia.com.br\/noticia\/imagens\/abismo-de-paixao-sbt-resumo.jpg 426w\" sizes=\"auto, (max-width: 327px) 100vw, 327px\" \/><\/p>\n<p>Resumo da novela<strong><em> \u201cAbismo de Paix\u00e3o\u201d&nbsp;<\/em><\/strong> em 09\/09: no cap\u00edtulo 010(*) da novela, segunda-feira, 09 de setembro, Elisa reconhece Dami\u00e3o de imediato. Ele finge que n\u00e3o a reconhece e se despede friamente. Antonia diz a Almerinda que Ramiro incomoda as pessoas na fazenda e pede que ela converse com ele. Almerinda diz que conversar\u00e1, mas pede que Antonia fique longe dele, pois custou muito fazer dela uma mulher decente e encontrar um homem que a respeitasse. Almerinda se zanga com a chegada de Dami\u00e3o por n\u00e3o ter avisado que voltaria. Ele responde que se tivesse avisado, sabia que a m\u00e3e faria at\u00e9 o imposs\u00edvel para que ele n\u00e3o voltasse, eles se abra\u00e7am emocionados. Elisa diz a Dolores que Dami\u00e3o voltou ao povoado e, quando estava de frente a ela, n\u00e3o a reconheceu.<\/p>\n<p>Dolores tenta anim\u00e1-la e diz que ele apenas n\u00e3o a reconheceu porque estava de noite e por sua apar\u00eancia ter mudado muito. Gael leva uns pap\u00e9is a Augusto. Carmen diz que ele \u00e9 muito ing\u00eanuo, porque sabe que os pap\u00e9is s\u00e3o apenas um pretexto para visitar Elisa. Elisa diz a Gael que as vezes sente vontade de sair correndo de sua casa, pois j\u00e1 n\u00e3o aguenta a apatia de seu pai e a amargura de sua tia. Gael diz a Elisa pode ajud\u00e1-la caso queira ir morar em outro lugar. Elisa responde que n\u00e3o quer motivos para que a gente do povoado fale ainda mais dela. Ela tamb\u00e9m diz a Gael sobre o regresso de Dami\u00e3o ao povoado. Dami\u00e3o conta a sua m\u00e3e o motivo de seu regresso para que ela saiba que ele se casar\u00e1 com Flor\u00eancia.<\/p>\n<p>Almerinda, muito feliz, diz que essa garota \u00e9 maravilhosa, pois \u00e9 de uma fam\u00edlia tradicional e de seu n\u00edvel social. O Padre Lupe est\u00e1 feliz com a volta de Dami\u00e3o, mas quando o v\u00ea o recrimina por nunca lhe ter escrito uma s\u00f3 carta. Gael diz a Augusto que \u00e9 t\u00e3o evidente sua apatia que todo povoado nota. Carmen, querendo causar intriga, diz a Augusto que deveria ser mais duro com Elisa, porque ela poderia se transformar numa mulher como Estef\u00e2nia, pois nem o sangue de Augusto ela tem. Elisa, chorando, pergunta a Augusto porque ele deixou de am\u00e1-la, e j\u00e1 n\u00e3o mais a trata como sua princesinha.<\/p>\n<p>(*) edi\u00e7\u00e3o do SBT, Novela \u201cAbismo de Paix\u00e3o\u201d, sujeito a altera\u00e7\u00e3o de data e conte\u00fado.<\/p>\n<p>&#8220;Abismo de Paix\u00e3o&#8221;- Augusto Casta\u00f1\u00f3n (Alejandro Camacho) e Estef\u00e2nia Bouvier de Casta\u00f1\u00f3n (Ludwika Paleta) s\u00e3o pais de Elisa (Angelique Boyer). Com eles vive Carmen Bouvier (Sabine Moussier), irm\u00e3 mais velha de Estef\u00e2nia e que vai fugir do povoado com Rog\u00e9rio Arango (C\u00e9sar \u00c9vora), esposo de Almerinda Arango (Blanca Guerra) e pai de Dami\u00e3o (David Zepeda), melhor amigo de Elisa. Almerinda descobre e alerta a Augusto.<\/p>\n<p>Por sua parte, Estef\u00e2nia tenta impedir Rog\u00e9rio a n\u00e3o abandonar sua fam\u00edlia, mas devido ao intemp\u00e9rie da chuva, ambos morrem em um acidente de carro. Carmem aproveita o fato para fazer Augusto acreditar que sua esposa era infiel. Augusto, por despeito, casa-se com Carmem, apesar de n\u00e3o estar apaixonado por ela e nem am\u00e1-la. Carmem est\u00e1 gr\u00e1vida de Rog\u00e9rio, mas mente para Augusto, dizendo que o filho \u00e9 dele. Querendo bater em Elisa, Carmem escorrega e cai na piscina da casa, causando morte s\u00fabita ao beb\u00ea. Por sua parte, Almerinda decide mandar a Dami\u00e3o para fora do povoado a estudar para separ\u00e1-lo de Elisa de quem \u00e9 muito amigo, amizade que ela n\u00e3o v\u00ea com bons olhos, ap\u00f3s inocentemente os dois fugirem juntos.<\/p>\n","protected":false},"excerpt":{"rendered":"<p>Resumo da novela \u201cAbismo de Paix\u00e3o\u201d&nbsp; em 09\/09: no cap\u00edtulo 010(*) da novela, segunda-feira, 09 de setembro, Elisa reconhece Dami\u00e3o de imediato. Ele finge que n\u00e3o a reconhece e se despede friamente. Antonia diz a Almerinda que Ramiro incomoda as pessoas na fazenda e pede que ela converse com ele. Almerinda diz que conversar\u00e1, mas [&hellip;]<\/p>\n","protected":false},"author":2,"featured_media":181126,"comment_status":"open","ping_status":"closed","sticky":false,"template":"","format":"standard","meta":{"tdm_status":"","tdm_grid_status":"","footnotes":""},"categories":[379,372,343],"tags":[441],"class_list":{"0":"post-181675","1":"post","2":"type-post","3":"status-publish","4":"format-standard","5":"has-post-thumbnail","7":"category-novelas","8":"category-sbt","9":"category-televisao","10":"tag-resumo-do-dia"},"_links":{"self":[{"href":"https:\/\/migracao.redenoticia.com.br\/noticia\/wp-json\/wp\/v2\/posts\/181675","targetHints":{"allow":["GET"]}}],"collection":[{"href":"https:\/\/migracao.redenoticia.com.br\/noticia\/wp-json\/wp\/v2\/posts"}],"about":[{"href":"https:\/\/migracao.redenoticia.com.br\/noticia\/wp-json\/wp\/v2\/types\/post"}],"author":[{"embeddable":true,"href":"https:\/\/migracao.redenoticia.com.br\/noticia\/wp-json\/wp\/v2\/users\/2"}],"replies":[{"embeddable":true,"href":"https:\/\/migracao.redenoticia.com.br\/noticia\/wp-json\/wp\/v2\/comments?post=181675"}],"version-history":[{"count":0,"href":"https:\/\/migracao.redenoticia.com.br\/noticia\/wp-json\/wp\/v2\/posts\/181675\/revisions"}],"wp:featuredmedia":[{"embeddable":true,"href":"https:\/\/migracao.redenoticia.com.br\/noticia\/wp-json\/wp\/v2\/media\/181126"}],"wp:attachment":[{"href":"https:\/\/migracao.redenoticia.com.br\/noticia\/wp-json\/wp\/v2\/media?parent=181675"}],"wp:term":[{"taxonomy":"category","embeddable":true,"href":"https:\/\/migracao.redenoticia.com.br\/noticia\/wp-json\/wp\/v2\/categories?post=181675"},{"taxonomy":"post_tag","embeddable":true,"href":"https:\/\/migracao.redenoticia.com.br\/noticia\/wp-json\/wp\/v2\/tags?post=181675"}],"curies":[{"name":"wp","href":"https:\/\/api.w.org\/{rel}","templated":true}]}}