{"id":181676,"date":"2019-09-07T23:31:16","date_gmt":"2019-09-08T02:31:16","guid":{"rendered":"https:\/\/www.redenoticia.com.br\/noticia\/?p=181676"},"modified":"2019-09-07T23:31:20","modified_gmt":"2019-09-08T02:31:20","slug":"resumo-novela-as-aventuras-de-poliana-09-09-falcao-expoe-rato-na-frente-de-nancy","status":"publish","type":"post","link":"https:\/\/migracao.redenoticia.com.br\/noticia\/2019\/resumo-novela-as-aventuras-de-poliana-09-09-falcao-expoe-rato-na-frente-de-nancy\/181676","title":{"rendered":"Resumo novela \u201cAs Aventuras de Poliana\u201d 09\/09: Falc\u00e3o exp\u00f5e Rato na frente de Nancy"},"content":{"rendered":"<p><strong><em><img loading=\"lazy\" decoding=\"async\" class=\"aligncenter size-large wp-image-148662\" src=\"https:\/\/migracao.redenoticia.com.br\/noticia\/imagens\/as-aventuras-de-poliana-novela-400x267.jpg\" alt=\"\" width=\"400\" height=\"267\" srcset=\"https:\/\/migracao.redenoticia.com.br\/noticia\/imagens\/as-aventuras-de-poliana-novela-400x267.jpg 400w, https:\/\/migracao.redenoticia.com.br\/noticia\/imagens\/as-aventuras-de-poliana-novela-250x167.jpg 250w, https:\/\/migracao.redenoticia.com.br\/noticia\/imagens\/as-aventuras-de-poliana-novela-150x100.jpg 150w, https:\/\/migracao.redenoticia.com.br\/noticia\/imagens\/as-aventuras-de-poliana-novela.jpg 600w\" sizes=\"auto, (max-width: 400px) 100vw, 400px\" \/>Resumo novela \u201cAs Aventuras de Poliana\u201d 09\/09<\/em><\/strong>: no cap\u00edtulo 344(*) da novela, resumo de segunda-feira, 09 de setembro, Jo\u00e3o escuta a conversa entre Ruth e Hel\u00f4 e descobre que Bento n\u00e3o \u00e9 sobrinho da diretora. Luisa fica furiosa ao flagrar D\u00e9bora conversando com Marcelo e os dois brigam. Na 0110, a equipe de Pendleton trabalha no projeto da Escola dos Sonhos, desenvolvido pelo grupo de Poliana no Campo de F\u00e9rias. Falc\u00e3o exp\u00f5e Rato na frente de Nancy, deixando-a desconfiada. Jo\u00e3o compartilha sua descoberta com Poliana. Sabendo que foi o respons\u00e1vel pelo roubo do notebook, Jeff intimida Z\u00f3io. Nancy decide evitar Waldisney e sua av\u00f3 a ajuda. Gabriela fotografa Mirela e Vini juntos na padaria.<\/p>\n<p>Luisa decide aceitar o emprego que Gl\u00f3ria havia a oferecido. D\u00e9bora e Afonso fazem as pazes e decidem retomar o casamento. Filipa se arrepende por n\u00e3o ter ido ao anivers\u00e1rio de Paola e decide ir de \u00faltima hora. Nadine e Roger armam um plano para sujar a imagem da 0110. Nancy alerta Ant\u00f4nio para que tome cuidado com Waldisney. Pendleton recebe uma encomenda misteriosa. Lindomar conta a Arlete que ir\u00e1 gravar um videoclipe. Jerry, Raquel, Mirela e Luca marcam um encontro duplo. Gleyce intimida Brenda e pergunta quais s\u00e3o as inten\u00e7\u00f5es dela com seu filho. Uma senhora que diz ser av\u00f3 de Bento aparece na escola \u00e0 procura de Ruth<\/p>\n<p>(*) edi\u00e7\u00e3o do SBT, Novela \u201cAs Aventuras de Poliana\u201d, sujeito a altera\u00e7\u00e3o de data e conte\u00fado.<\/p>\n<p>Poliana \u00e9 uma menina extrovertida e de bom cora\u00e7\u00e3o que viajava o Brasil com seus pais, Lorenzo e Alice, no grupo circense Trupe Vagalume. Aos onze anos a garota v\u00ea seu mundo desabar quando seus pais falecem e ela tem que ir morar em S\u00e3o Paulo com sua tia Lu\u00edsa, uma mulher rica e severa, a qual ela n\u00e3o conhecia e que n\u00e3o queria cuidar dela, embora sinta que \u00e9 sua obriga\u00e7\u00e3o pela alma de sua irm\u00e3.<\/p>\n<p>Apesar do jeito da rigidez da tia, Poliana decide ter uma vis\u00e3o positiva e inabal\u00e1vel da vida, mesmo nos momentos de dificuldade, tentando levar um pouco de felicidade para a vida de cada um dos seus novos amigos e vizinhos, como o Sr. Pendleton, um homem rico e infeliz por nunca ter tido filhos. Ela vai estudar no col\u00e9gio de Ruth, uma diretora de bom cora\u00e7\u00e3o que a ajuda a se adaptar, mas tem que lidar com as vilanias de Mirela, garota mais velha que n\u00e3o aceita perder a popularidade para uma novata.<\/p>\n","protected":false},"excerpt":{"rendered":"<p>Resumo novela \u201cAs Aventuras de Poliana\u201d 09\/09: no cap\u00edtulo 344(*) da novela, resumo de segunda-feira, 09 de setembro, Jo\u00e3o escuta a conversa entre Ruth e Hel\u00f4 e descobre que Bento n\u00e3o \u00e9 sobrinho da diretora. Luisa fica furiosa ao flagrar D\u00e9bora conversando com Marcelo e os dois brigam. Na 0110, a equipe de Pendleton trabalha [&hellip;]<\/p>\n","protected":false},"author":2,"featured_media":148663,"comment_status":"open","ping_status":"closed","sticky":false,"template":"","format":"standard","meta":{"tdm_status":"","tdm_grid_status":"","footnotes":""},"categories":[477,379,372,343],"tags":[441],"class_list":{"0":"post-181676","1":"post","2":"type-post","3":"status-publish","4":"format-standard","5":"has-post-thumbnail","7":"category-as-aventuras-de-poliana","8":"category-novelas","9":"category-sbt","10":"category-televisao","11":"tag-resumo-do-dia"},"_links":{"self":[{"href":"https:\/\/migracao.redenoticia.com.br\/noticia\/wp-json\/wp\/v2\/posts\/181676","targetHints":{"allow":["GET"]}}],"collection":[{"href":"https:\/\/migracao.redenoticia.com.br\/noticia\/wp-json\/wp\/v2\/posts"}],"about":[{"href":"https:\/\/migracao.redenoticia.com.br\/noticia\/wp-json\/wp\/v2\/types\/post"}],"author":[{"embeddable":true,"href":"https:\/\/migracao.redenoticia.com.br\/noticia\/wp-json\/wp\/v2\/users\/2"}],"replies":[{"embeddable":true,"href":"https:\/\/migracao.redenoticia.com.br\/noticia\/wp-json\/wp\/v2\/comments?post=181676"}],"version-history":[{"count":0,"href":"https:\/\/migracao.redenoticia.com.br\/noticia\/wp-json\/wp\/v2\/posts\/181676\/revisions"}],"wp:featuredmedia":[{"embeddable":true,"href":"https:\/\/migracao.redenoticia.com.br\/noticia\/wp-json\/wp\/v2\/media\/148663"}],"wp:attachment":[{"href":"https:\/\/migracao.redenoticia.com.br\/noticia\/wp-json\/wp\/v2\/media?parent=181676"}],"wp:term":[{"taxonomy":"category","embeddable":true,"href":"https:\/\/migracao.redenoticia.com.br\/noticia\/wp-json\/wp\/v2\/categories?post=181676"},{"taxonomy":"post_tag","embeddable":true,"href":"https:\/\/migracao.redenoticia.com.br\/noticia\/wp-json\/wp\/v2\/tags?post=181676"}],"curies":[{"name":"wp","href":"https:\/\/api.w.org\/{rel}","templated":true}]}}