{"id":181680,"date":"2019-09-07T23:30:22","date_gmt":"2019-09-08T02:30:22","guid":{"rendered":"https:\/\/www.redenoticia.com.br\/noticia\/?p=181680"},"modified":"2019-09-07T23:30:27","modified_gmt":"2019-09-08T02:30:27","slug":"resumo-novela-a-que-nao-podia-amar-09-09-ana-reafirma-amor-por-rogerio","status":"publish","type":"post","link":"https:\/\/migracao.redenoticia.com.br\/noticia\/2019\/resumo-novela-a-que-nao-podia-amar-09-09-ana-reafirma-amor-por-rogerio\/181680","title":{"rendered":"Resumo novela \u201cA Que N\u00e3o Podia Amar\u201d 09\/09: Ana reafirma amor por Rog\u00e9rio"},"content":{"rendered":"<p><strong><em><img loading=\"lazy\" decoding=\"async\" class=\"aligncenter size-large wp-image-173635\" src=\"https:\/\/migracao.redenoticia.com.br\/noticia\/imagens\/a-que-nao-podia-amar-400x271.jpg\" alt=\"\" width=\"400\" height=\"271\" srcset=\"https:\/\/migracao.redenoticia.com.br\/noticia\/imagens\/a-que-nao-podia-amar-400x271.jpg 400w, https:\/\/migracao.redenoticia.com.br\/noticia\/imagens\/a-que-nao-podia-amar-250x169.jpg 250w, https:\/\/migracao.redenoticia.com.br\/noticia\/imagens\/a-que-nao-podia-amar-560x379.jpg 560w, https:\/\/migracao.redenoticia.com.br\/noticia\/imagens\/a-que-nao-podia-amar.jpg 620w\" sizes=\"auto, (max-width: 400px) 100vw, 400px\" \/><\/em><\/strong><\/p>\n<p>Resumo da novela<strong><em> \u201cA Que N\u00e3o Podia Amar\u201d&nbsp;<\/em><\/strong> em 09\/09: no cap\u00edtulo 111(*) da novela, segunda-feira, 09 de setembro, C\u00edntia ordena aos empregados que levem ao seu quarto o ber\u00e7o que Miguel havia feito. Rog\u00e9rio passa por um momento de ira e desilus\u00e3o e expulsa Ernesto e Ana Paula do quarto, diz que quer os dois fora de sua vida. Eles saem do local e o fazendeiro chora sozinho. Com l\u00e1grimas nos olhos, Maria diz a Gustavo para n\u00e3o se preocupar pois C\u00edntia est\u00e1 alterada porque ficou sabendo que Rog\u00e9rio n\u00e3o vai voltar a caminhar.<\/p>\n<p>Enquanto isso, Elias procura C\u00edntia emocionado e conta que j\u00e1 sabe que ela est\u00e1 esperando um filho seu, a mo\u00e7a reage sem gra\u00e7a. Mais tarde, C\u00edntia se encontra com Marquinho e, maldosa, diz ao sobrinho que n\u00e3o espere que poder\u00e1 brincar com seu pai, pois a opera\u00e7\u00e3o n\u00e3o funcionou e ele n\u00e3o poder\u00e1 voltar a caminhar. Apesar do mal momento que Rog\u00e9rio est\u00e1 passando, Ana Paula reafirma seu amor e lhe diz que aconte\u00e7a o que acontecer ela estar\u00e1 ao seu lado. Com l\u00e1grimas no rosto, o fazendeiro permanece em sil\u00eancio.<\/p>\n<p>(*) edi\u00e7\u00e3o do SBT, Novela \u201cA Que N\u00e3o Podia Amar\u201d, sujeito a altera\u00e7\u00e3o de data e conte\u00fado.<\/p>\n<p>Destaques<\/p>\n<p>&#8220;A Que N\u00e3o Podia Amar&#8221;- Ana Paula, uma enfermeira humilde que se v\u00ea obrigada a trabalhar na casa de Rog\u00e9rio Montero (Jorge Salinas), um homem amargurado. Rog\u00e9rio sofre por ser parapl\u00e9gico e destrata todas as pessoas. Ana Paula atura tudo calada e o rica\u00e7o se apaixona por ela.<\/p>\n<p>Ana conhece Gustavo Duran (Jos\u00e9 Ron), um engenheiro nobre e trabalhador. Os dois se apaixonam, mas ter\u00e3o de enfrentar Rog\u00e9rio, j\u00e1 que ele tamb\u00e9m gosta da mocinha, formando assim, um tri\u00e2ngulo amoroso com terr\u00edveis consequ\u00eancias.<\/p>\n","protected":false},"excerpt":{"rendered":"<p>Resumo da novela \u201cA Que N\u00e3o Podia Amar\u201d&nbsp; em 09\/09: no cap\u00edtulo 111(*) da novela, segunda-feira, 09 de setembro, C\u00edntia ordena aos empregados que levem ao seu quarto o ber\u00e7o que Miguel havia feito. Rog\u00e9rio passa por um momento de ira e desilus\u00e3o e expulsa Ernesto e Ana Paula do quarto, diz que quer os [&hellip;]<\/p>\n","protected":false},"author":2,"featured_media":173627,"comment_status":"open","ping_status":"closed","sticky":false,"template":"","format":"standard","meta":{"tdm_status":"","tdm_grid_status":"","footnotes":""},"categories":[379,372,343],"tags":[441],"class_list":{"0":"post-181680","1":"post","2":"type-post","3":"status-publish","4":"format-standard","5":"has-post-thumbnail","7":"category-novelas","8":"category-sbt","9":"category-televisao","10":"tag-resumo-do-dia"},"_links":{"self":[{"href":"https:\/\/migracao.redenoticia.com.br\/noticia\/wp-json\/wp\/v2\/posts\/181680","targetHints":{"allow":["GET"]}}],"collection":[{"href":"https:\/\/migracao.redenoticia.com.br\/noticia\/wp-json\/wp\/v2\/posts"}],"about":[{"href":"https:\/\/migracao.redenoticia.com.br\/noticia\/wp-json\/wp\/v2\/types\/post"}],"author":[{"embeddable":true,"href":"https:\/\/migracao.redenoticia.com.br\/noticia\/wp-json\/wp\/v2\/users\/2"}],"replies":[{"embeddable":true,"href":"https:\/\/migracao.redenoticia.com.br\/noticia\/wp-json\/wp\/v2\/comments?post=181680"}],"version-history":[{"count":0,"href":"https:\/\/migracao.redenoticia.com.br\/noticia\/wp-json\/wp\/v2\/posts\/181680\/revisions"}],"wp:featuredmedia":[{"embeddable":true,"href":"https:\/\/migracao.redenoticia.com.br\/noticia\/wp-json\/wp\/v2\/media\/173627"}],"wp:attachment":[{"href":"https:\/\/migracao.redenoticia.com.br\/noticia\/wp-json\/wp\/v2\/media?parent=181680"}],"wp:term":[{"taxonomy":"category","embeddable":true,"href":"https:\/\/migracao.redenoticia.com.br\/noticia\/wp-json\/wp\/v2\/categories?post=181680"},{"taxonomy":"post_tag","embeddable":true,"href":"https:\/\/migracao.redenoticia.com.br\/noticia\/wp-json\/wp\/v2\/tags?post=181680"}],"curies":[{"name":"wp","href":"https:\/\/api.w.org\/{rel}","templated":true}]}}