{"id":181707,"date":"2019-09-09T15:45:39","date_gmt":"2019-09-09T18:45:39","guid":{"rendered":"https:\/\/www.redenoticia.com.br\/noticia\/?p=181707"},"modified":"2019-09-09T15:45:45","modified_gmt":"2019-09-09T18:45:45","slug":"resumo-novela-as-aventuras-de-poliana-10-09-luisa-poliana-e-antonio-sao-refens-de-waldisney","status":"publish","type":"post","link":"https:\/\/migracao.redenoticia.com.br\/noticia\/2019\/resumo-novela-as-aventuras-de-poliana-10-09-luisa-poliana-e-antonio-sao-refens-de-waldisney\/181707","title":{"rendered":"Resumo novela \u201cAs Aventuras de Poliana\u201d 10\/09: Luisa, Poliana e Ant\u00f4nio s\u00e3o ref\u00e9ns de Waldisney"},"content":{"rendered":"<p><strong><em><img loading=\"lazy\" decoding=\"async\" class=\"aligncenter size-large wp-image-148662\" src=\"https:\/\/migracao.redenoticia.com.br\/noticia\/imagens\/as-aventuras-de-poliana-novela-400x267.jpg\" alt=\"\" width=\"400\" height=\"267\" srcset=\"https:\/\/migracao.redenoticia.com.br\/noticia\/imagens\/as-aventuras-de-poliana-novela-400x267.jpg 400w, https:\/\/migracao.redenoticia.com.br\/noticia\/imagens\/as-aventuras-de-poliana-novela-250x167.jpg 250w, https:\/\/migracao.redenoticia.com.br\/noticia\/imagens\/as-aventuras-de-poliana-novela-150x100.jpg 150w, https:\/\/migracao.redenoticia.com.br\/noticia\/imagens\/as-aventuras-de-poliana-novela.jpg 600w\" sizes=\"auto, (max-width: 400px) 100vw, 400px\" \/>Resumo novela \u201cAs Aventuras de Poliana\u201d 10\/09<\/em><\/strong>: no cap\u00edtulo 345(*) da novela, resumo de ter\u00e7a-feira, 10 de setembro, Ruth mente para a suposta av\u00f3 de Bento, e finge ser outra pessoa. As crian\u00e7as do Clubinho conseguem colocar uma c\u00e2mera escondida na casa de Pendleton para vigia-lo. Roger coloca seu plano para manchar a reputa\u00e7\u00e3o da 0110 em a\u00e7\u00e3o. Gleyce conta a Jeff que brigou com Brenda. Luca n\u00e3o aparece para o encontro em casais e d\u00e1 o bolo em Mirela. Atr\u00e1s de Nancy, Waldisney invade a casa de Luisa e \u00e9 surpreendido com a chegada da pol\u00edcia. Marcelo descobre que Waldisney est\u00e1 na casa de Luisa e fica preocupado. Waldisney mant\u00e9m Luisa, Poliana e Ant\u00f4nio como ref\u00e9ns. Luca e Mirela brigam.<\/p>\n<p>Pendleton descobre o incidente na casa de Luisa e vai at\u00e9 o local. A mando de Waldisney, Luisa mente para os policiais. As crian\u00e7as do Clubinho ficam intrigados com a sombra de uma crian\u00e7a que viram na casa de Pendleton. D\u00e9bora e Afonso acertam os detalhes para a festa de casamento. Marcelo avisa os policiais que Waldisney est\u00e1 mesmo na casa de Luisa. Ruth impede que Bento atenda as liga\u00e7\u00f5es de sua casa deixando o menino desconfiado. Mirela arruma suas malas para ir ao sitio de seus pais. D\u00e9bora se oferece por ficar respons\u00e1vel pela parte administrativa do CLP. Pendleton negocia com Waldisney.<\/p>\n<p>(*) edi\u00e7\u00e3o do SBT, Novela \u201cAs Aventuras de Poliana\u201d, sujeito a altera\u00e7\u00e3o de data e conte\u00fado.<\/p>\n<p>Poliana \u00e9 uma menina extrovertida e de bom cora\u00e7\u00e3o que viajava o Brasil com seus pais, Lorenzo e Alice, no grupo circense Trupe Vagalume. Aos onze anos a garota v\u00ea seu mundo desabar quando seus pais falecem e ela tem que ir morar em S\u00e3o Paulo com sua tia Lu\u00edsa, uma mulher rica e severa, a qual ela n\u00e3o conhecia e que n\u00e3o queria cuidar dela, embora sinta que \u00e9 sua obriga\u00e7\u00e3o pela alma de sua irm\u00e3. Apesar do jeito da rigidez da tia, Poliana decide ter uma vis\u00e3o positiva e inabal\u00e1vel da vida, mesmo nos momentos de dificuldade, tentando levar um pouco de felicidade para a vida de cada um dos seus novos amigos e vizinhos, como o Sr. Pendleton, um homem rico e infeliz por nunca ter tido filhos. Ela vai estudar no col\u00e9gio de Ruth, uma diretora de bom cora\u00e7\u00e3o que a ajuda a se adaptar, mas tem que lidar com as vilanias de Mirela, garota mais velha que n\u00e3o aceita perder a popularidade para uma novata.<\/p>\n","protected":false},"excerpt":{"rendered":"<p>Resumo novela \u201cAs Aventuras de Poliana\u201d 10\/09: no cap\u00edtulo 345(*) da novela, resumo de ter\u00e7a-feira, 10 de setembro, Ruth mente para a suposta av\u00f3 de Bento, e finge ser outra pessoa. As crian\u00e7as do Clubinho conseguem colocar uma c\u00e2mera escondida na casa de Pendleton para vigia-lo. Roger coloca seu plano para manchar a reputa\u00e7\u00e3o da [&hellip;]<\/p>\n","protected":false},"author":4,"featured_media":148663,"comment_status":"open","ping_status":"closed","sticky":false,"template":"","format":"standard","meta":{"tdm_status":"","tdm_grid_status":"","footnotes":""},"categories":[477,379,372,343],"tags":[441],"class_list":{"0":"post-181707","1":"post","2":"type-post","3":"status-publish","4":"format-standard","5":"has-post-thumbnail","7":"category-as-aventuras-de-poliana","8":"category-novelas","9":"category-sbt","10":"category-televisao","11":"tag-resumo-do-dia"},"_links":{"self":[{"href":"https:\/\/migracao.redenoticia.com.br\/noticia\/wp-json\/wp\/v2\/posts\/181707","targetHints":{"allow":["GET"]}}],"collection":[{"href":"https:\/\/migracao.redenoticia.com.br\/noticia\/wp-json\/wp\/v2\/posts"}],"about":[{"href":"https:\/\/migracao.redenoticia.com.br\/noticia\/wp-json\/wp\/v2\/types\/post"}],"author":[{"embeddable":true,"href":"https:\/\/migracao.redenoticia.com.br\/noticia\/wp-json\/wp\/v2\/users\/4"}],"replies":[{"embeddable":true,"href":"https:\/\/migracao.redenoticia.com.br\/noticia\/wp-json\/wp\/v2\/comments?post=181707"}],"version-history":[{"count":0,"href":"https:\/\/migracao.redenoticia.com.br\/noticia\/wp-json\/wp\/v2\/posts\/181707\/revisions"}],"wp:featuredmedia":[{"embeddable":true,"href":"https:\/\/migracao.redenoticia.com.br\/noticia\/wp-json\/wp\/v2\/media\/148663"}],"wp:attachment":[{"href":"https:\/\/migracao.redenoticia.com.br\/noticia\/wp-json\/wp\/v2\/media?parent=181707"}],"wp:term":[{"taxonomy":"category","embeddable":true,"href":"https:\/\/migracao.redenoticia.com.br\/noticia\/wp-json\/wp\/v2\/categories?post=181707"},{"taxonomy":"post_tag","embeddable":true,"href":"https:\/\/migracao.redenoticia.com.br\/noticia\/wp-json\/wp\/v2\/tags?post=181707"}],"curies":[{"name":"wp","href":"https:\/\/api.w.org\/{rel}","templated":true}]}}