{"id":181709,"date":"2019-09-09T15:46:52","date_gmt":"2019-09-09T18:46:52","guid":{"rendered":"https:\/\/www.redenoticia.com.br\/noticia\/?p=181709"},"modified":"2019-09-09T15:46:57","modified_gmt":"2019-09-09T18:46:57","slug":"resumo-novela-cumplices-de-um-resgate-10-09-meire-e-dinho-encontram-a-barraca-das-criancas","status":"publish","type":"post","link":"https:\/\/migracao.redenoticia.com.br\/noticia\/2019\/resumo-novela-cumplices-de-um-resgate-10-09-meire-e-dinho-encontram-a-barraca-das-criancas\/181709","title":{"rendered":"Resumo novela \u201cC\u00famplices de um Resgate\u201d 10\/09: Meire e Dinho encontram a barraca das crian\u00e7as"},"content":{"rendered":"<p><img loading=\"lazy\" decoding=\"async\" class=\"aligncenter size-large wp-image-164526\" src=\"https:\/\/migracao.redenoticia.com.br\/noticia\/imagens\/cumplices-de-um-resgate-001-316x300.jpg\" alt=\"\" width=\"316\" height=\"300\" srcset=\"https:\/\/migracao.redenoticia.com.br\/noticia\/imagens\/cumplices-de-um-resgate-001-316x300.jpg 316w, https:\/\/migracao.redenoticia.com.br\/noticia\/imagens\/cumplices-de-um-resgate-001-197x187.jpg 197w, https:\/\/migracao.redenoticia.com.br\/noticia\/imagens\/cumplices-de-um-resgate-001-150x143.jpg 150w, https:\/\/migracao.redenoticia.com.br\/noticia\/imagens\/cumplices-de-um-resgate-001.jpg 526w\" sizes=\"auto, (max-width: 316px) 100vw, 316px\" \/> Resumo novela \u201cC\u00famplices de um Resgate\u201d 10\/09: no cap\u00edtulo 177(*) da novela, ter\u00e7a-feira, 10 de setembro, Mateus conta uma hist\u00f3ria de terror e assusta a todos. Aparece uma cobra dentro da barraca das crian\u00e7as e todos gritam. Frederico aparece vestido de terno e segurando a B\u00edblia Sagrada. Lurdinha estranha.Mateus diz que a cobra que apareceu na barraca pode ser venenosa, por isso devem deixar a barraca l\u00e1 e seguir adiante. Federico recita vers\u00edculos com algumas adapta\u00e7\u00f5es. Lurdinha n\u00e3o gosta e fica brava. Rebeca liga para Ot\u00e1vio, mas Safira que atende. Ot\u00e1vio aparece e pega o celular. Rebeca avisa que passar\u00e1 mais alguns dias no vilarejo. Meire e Dinho encontram a barraca deixada pelas crian\u00e7as na mata. Os dois acham que os Vaz est\u00e3o l\u00e1 e pulam dentro da barraca. Os capangas de Geraldo pensam ao mesmo e pulam em cima da barraca onde est\u00e1 Meire e Dinho. Todos gritam com a cobra e fogem.<\/p>\n<p>Andr\u00e9 vai at\u00e9 a mand\u00e3o de Regina para conversar com Manuela, que est\u00e1 com Priscila. As crian\u00e7as avistam barcos no Parque dos Sonhos e usam Felipe para sensibilizar os guardas que est\u00e3o no local. Enquanto isso, as crian\u00e7as fogem com os botes. Meire e Dinho fogem de abelhas. As crian\u00e7as chegam em terra firme e comemoram. Na reuni\u00e3o da comunidade, Rebeca tranquiliza as m\u00e3es que perderam seus filhos no vilarejo. Fortunato avisa Safira que deixou ela dormir na casa de Regina. Safira fica revoltada, afinal, Regina \u00e9 irm\u00e3 de Geraldo, pai de Priscila, informa\u00e7\u00e3o essa que ela guarda segredo. Andr\u00e9 conta para Manuela como est\u00e3o as coisas com os Vaz.<\/p>\n<p>Priscila tira foto deles pr\u00f3ximos para simular que os dois est\u00e3o se beijando. A menina envia uma mensagem para o celular de Joaquim com a foto. Joaquim visualiza, mas n\u00e3o responde. Vargas e Navarro roubam as roupas dos guardas da mata. As crian\u00e7as se separam, pois Isabela (que finge ser Manuela) fica com os irm\u00e3os Vaz enquanto os outros voltam para o vilarejo. Sabrina se algema com Omar para evitar que ele tamb\u00e9m suma. O garoto se irrita e manda que ela o solte, mas ela esqueceu onde pois a chave. Safira chega irritada na mans\u00e3o de Regina e manda que Priscila v\u00e1 para casa com ela. T\u00e9o, Mateus e D\u00f3ris encontram um telefone assim que saem da mata. Os tr\u00eas amigos ligam do orelh\u00e3o para Clara.<\/p>\n<p>(*) edi\u00e7\u00e3o do SBT, Novela \u201cC\u00famplices de um Resgate\u201d, sujeito a altera\u00e7\u00e3o de data e conte\u00fado.<\/p>\n","protected":false},"excerpt":{"rendered":"<p>Resumo novela \u201cC\u00famplices de um Resgate\u201d 10\/09: no cap\u00edtulo 177(*) da novela, ter\u00e7a-feira, 10 de setembro, Mateus conta uma hist\u00f3ria de terror e assusta a todos. Aparece uma cobra dentro da barraca das crian\u00e7as e todos gritam. Frederico aparece vestido de terno e segurando a B\u00edblia Sagrada. Lurdinha estranha.Mateus diz que a cobra que apareceu [&hellip;]<\/p>\n","protected":false},"author":4,"featured_media":164526,"comment_status":"open","ping_status":"closed","sticky":false,"template":"","format":"standard","meta":{"tdm_status":"","tdm_grid_status":"","footnotes":""},"categories":[379,372,343],"tags":[441],"class_list":{"0":"post-181709","1":"post","2":"type-post","3":"status-publish","4":"format-standard","5":"has-post-thumbnail","7":"category-novelas","8":"category-sbt","9":"category-televisao","10":"tag-resumo-do-dia"},"_links":{"self":[{"href":"https:\/\/migracao.redenoticia.com.br\/noticia\/wp-json\/wp\/v2\/posts\/181709","targetHints":{"allow":["GET"]}}],"collection":[{"href":"https:\/\/migracao.redenoticia.com.br\/noticia\/wp-json\/wp\/v2\/posts"}],"about":[{"href":"https:\/\/migracao.redenoticia.com.br\/noticia\/wp-json\/wp\/v2\/types\/post"}],"author":[{"embeddable":true,"href":"https:\/\/migracao.redenoticia.com.br\/noticia\/wp-json\/wp\/v2\/users\/4"}],"replies":[{"embeddable":true,"href":"https:\/\/migracao.redenoticia.com.br\/noticia\/wp-json\/wp\/v2\/comments?post=181709"}],"version-history":[{"count":0,"href":"https:\/\/migracao.redenoticia.com.br\/noticia\/wp-json\/wp\/v2\/posts\/181709\/revisions"}],"wp:featuredmedia":[{"embeddable":true,"href":"https:\/\/migracao.redenoticia.com.br\/noticia\/wp-json\/wp\/v2\/media\/164526"}],"wp:attachment":[{"href":"https:\/\/migracao.redenoticia.com.br\/noticia\/wp-json\/wp\/v2\/media?parent=181709"}],"wp:term":[{"taxonomy":"category","embeddable":true,"href":"https:\/\/migracao.redenoticia.com.br\/noticia\/wp-json\/wp\/v2\/categories?post=181709"},{"taxonomy":"post_tag","embeddable":true,"href":"https:\/\/migracao.redenoticia.com.br\/noticia\/wp-json\/wp\/v2\/tags?post=181709"}],"curies":[{"name":"wp","href":"https:\/\/api.w.org\/{rel}","templated":true}]}}