{"id":181758,"date":"2019-09-10T12:53:40","date_gmt":"2019-09-10T15:53:40","guid":{"rendered":"https:\/\/www.redenoticia.com.br\/noticia\/?p=181758"},"modified":"2019-09-10T12:53:44","modified_gmt":"2019-09-10T15:53:44","slug":"resumo-novela-cumplices-de-um-resgate-11-09-teo-mateus-e-doris-reencontram-os-pais","status":"publish","type":"post","link":"https:\/\/migracao.redenoticia.com.br\/noticia\/2019\/resumo-novela-cumplices-de-um-resgate-11-09-teo-mateus-e-doris-reencontram-os-pais\/181758","title":{"rendered":"Resumo novela \u201cC\u00famplices de um Resgate\u201d 11\/09: T\u00e9o, Mateus e D\u00f3ris reencontram os pais"},"content":{"rendered":"<p><img loading=\"lazy\" decoding=\"async\" class=\"aligncenter size-large wp-image-164526\" src=\"https:\/\/migracao.redenoticia.com.br\/noticia\/imagens\/cumplices-de-um-resgate-001-316x300.jpg\" alt=\"\" width=\"316\" height=\"300\" srcset=\"https:\/\/migracao.redenoticia.com.br\/noticia\/imagens\/cumplices-de-um-resgate-001-316x300.jpg 316w, https:\/\/migracao.redenoticia.com.br\/noticia\/imagens\/cumplices-de-um-resgate-001-197x187.jpg 197w, https:\/\/migracao.redenoticia.com.br\/noticia\/imagens\/cumplices-de-um-resgate-001-150x143.jpg 150w, https:\/\/migracao.redenoticia.com.br\/noticia\/imagens\/cumplices-de-um-resgate-001.jpg 526w\" sizes=\"auto, (max-width: 316px) 100vw, 316px\" \/> Resumo novela \u201cC\u00famplices de um Resgate\u201d 11\/09: no cap\u00edtulo 178(*) da novela, quarta-feira, 11 de setembro, as crian\u00e7as se separam. Isabela, que finge ser Manuela, fica com os irm\u00e3os Vaz enquanto os outros voltam para o vilarejo. Sabrina se algema com Omar para evitar que ele tamb\u00e9m suma. O garoto se irrita e manda que ela o solte, mas ela esqueceu onde colocou a chave. Safira chega irritada na mans\u00e3o de Regina e manda que Priscila v\u00e1 para casa com ela. T\u00e9o, Mateus e D\u00f3ris encontram um telefone assim que saem da mata. Os tr\u00eas amigos ligam do orelh\u00e3o para Clara.<\/p>\n<p>A mulher chora ao falar com as crian\u00e7as. O casal avisa Fiorina e Giuseppe, que comemoram. Todos v\u00e3o buscar as crian\u00e7as. Joaquim est\u00e1 irritado com as fotos que viu de Manuela. Priscila e Safira discutem. Meire e Dinho est\u00e3o desesperados por estarem perdidos na mata. Navarro e Vargas escutam os pedidos de socorro de Meire. Fortunato expulsa Safira de casa. Os guardas aparecem sem roupas e Meire pede ajuda para eles, que explicam que ladr\u00f5es roubaram suas roupas. T\u00e9o, Mateus e D\u00f3ris reencontram os pais. Meire e Dinho saem da mata.<\/p>\n<p>(*) edi\u00e7\u00e3o do SBT, Novela \u201cC\u00famplices de um Resgate\u201d, sujeito a altera\u00e7\u00e3o de data e conte\u00fado.<\/p>\n","protected":false},"excerpt":{"rendered":"<p>Resumo novela \u201cC\u00famplices de um Resgate\u201d 11\/09: no cap\u00edtulo 178(*) da novela, quarta-feira, 11 de setembro, as crian\u00e7as se separam. Isabela, que finge ser Manuela, fica com os irm\u00e3os Vaz enquanto os outros voltam para o vilarejo. Sabrina se algema com Omar para evitar que ele tamb\u00e9m suma. O garoto se irrita e manda que [&hellip;]<\/p>\n","protected":false},"author":4,"featured_media":164526,"comment_status":"open","ping_status":"closed","sticky":false,"template":"","format":"standard","meta":{"tdm_status":"","tdm_grid_status":"","footnotes":""},"categories":[379,372,343],"tags":[441],"class_list":{"0":"post-181758","1":"post","2":"type-post","3":"status-publish","4":"format-standard","5":"has-post-thumbnail","7":"category-novelas","8":"category-sbt","9":"category-televisao","10":"tag-resumo-do-dia"},"_links":{"self":[{"href":"https:\/\/migracao.redenoticia.com.br\/noticia\/wp-json\/wp\/v2\/posts\/181758","targetHints":{"allow":["GET"]}}],"collection":[{"href":"https:\/\/migracao.redenoticia.com.br\/noticia\/wp-json\/wp\/v2\/posts"}],"about":[{"href":"https:\/\/migracao.redenoticia.com.br\/noticia\/wp-json\/wp\/v2\/types\/post"}],"author":[{"embeddable":true,"href":"https:\/\/migracao.redenoticia.com.br\/noticia\/wp-json\/wp\/v2\/users\/4"}],"replies":[{"embeddable":true,"href":"https:\/\/migracao.redenoticia.com.br\/noticia\/wp-json\/wp\/v2\/comments?post=181758"}],"version-history":[{"count":0,"href":"https:\/\/migracao.redenoticia.com.br\/noticia\/wp-json\/wp\/v2\/posts\/181758\/revisions"}],"wp:featuredmedia":[{"embeddable":true,"href":"https:\/\/migracao.redenoticia.com.br\/noticia\/wp-json\/wp\/v2\/media\/164526"}],"wp:attachment":[{"href":"https:\/\/migracao.redenoticia.com.br\/noticia\/wp-json\/wp\/v2\/media?parent=181758"}],"wp:term":[{"taxonomy":"category","embeddable":true,"href":"https:\/\/migracao.redenoticia.com.br\/noticia\/wp-json\/wp\/v2\/categories?post=181758"},{"taxonomy":"post_tag","embeddable":true,"href":"https:\/\/migracao.redenoticia.com.br\/noticia\/wp-json\/wp\/v2\/tags?post=181758"}],"curies":[{"name":"wp","href":"https:\/\/api.w.org\/{rel}","templated":true}]}}