{"id":181779,"date":"2019-09-29T22:38:57","date_gmt":"2019-09-30T01:38:57","guid":{"rendered":"https:\/\/www.redenoticia.com.br\/noticia\/?p=181779"},"modified":"2019-09-30T13:36:42","modified_gmt":"2019-09-30T16:36:42","slug":"novela-a-dona-do-pedaco-fabiana-declara-guerra-a-maria","status":"publish","type":"post","link":"https:\/\/migracao.redenoticia.com.br\/noticia\/2019\/novela-a-dona-do-pedaco-fabiana-declara-guerra-a-maria\/181779","title":{"rendered":"Novela \u201cA Dona do Peda\u00e7o\u201d: Fabiana declara guerra a Maria"},"content":{"rendered":"<p><img loading=\"lazy\" decoding=\"async\" class=\"aligncenter size-large wp-image-178249\" src=\"https:\/\/migracao.redenoticia.com.br\/noticia\/imagens\/A-Dona-do-Pedaco-globo-21-300x300.jpg\" alt=\"\" width=\"300\" height=\"300\" srcset=\"https:\/\/migracao.redenoticia.com.br\/noticia\/imagens\/A-Dona-do-Pedaco-globo-21-300x300.jpg 300w, https:\/\/migracao.redenoticia.com.br\/noticia\/imagens\/A-Dona-do-Pedaco-globo-21-187x187.jpg 187w, https:\/\/migracao.redenoticia.com.br\/noticia\/imagens\/A-Dona-do-Pedaco-globo-21.jpg 563w\" sizes=\"auto, (max-width: 300px) 100vw, 300px\" \/><\/p>\n<p><strong><em>Novela &#8220;A Dona do Peda\u00e7o\u201d:<\/em><\/strong> Maria da Paz (Juliana Paes) inaugura sua confeitaria, Fabiana (Nathalia Dill) tenta roubar as receitas da rival e a boleira reclama. Fabiana explica: &#8220;Mal voc\u00ea abriu sua confeitaria, as minhas confeitarias mais pr\u00f3ximas come\u00e7aram a vender menos. &#8230; Eu farei os mesmos bolos, s\u00f3 que a pre\u00e7o mais baixo &#8230; N\u00f3s podemos chegar a um acordo. Eu compro sua pequena confeitaria &#8230; voc\u00ea vem trabalhar aqui, comigo. Eu renovo minha oferta de emprego&#8221;.<\/p>\n<p>Maria suplica: &#8220;Eu n\u00e3o sei ser empregada de ningu\u00e9m, Fabiana. Me deixa l\u00e1, com minha pequena confeitaria&#8230; S\u00f3 deixa seguir minha vida&#8221;. Fabiana declara guerra: &#8220;Veio perguntar se tenho vergonha na cara. Isso \u00e9 bobagem. Mas fique sabendo, o que eu tiver que fazer para acabar com sua confeitaria, eu vou fazer. Eu vou ganhar&#8221;. Cena prevista para dia 05 de outubro na novela \u201cA Dona do Peda\u00e7o\u201d.<\/p>\n<p>Sinopse \u201cA Dona do Peda\u00e7o\u201d: a novela enaltece a trajet\u00f3ria de Maria da Paz (Juliana Paes), uma jovem humilde, da cidade fict\u00edcia de Rio Vermelho, no Esp\u00edrito Santo. Maria vem de uma fam\u00edlia de justiceiros profissionais, os Ramirez, e se apaixona justamente por Amadeu (Marcos Palmeira), advogado formado em Vit\u00f3ria e membro do cl\u00e3 rival nos neg\u00f3cios, os Matheus. A trama, dividida em um pr\u00f3logo e duas fases, traz uma hist\u00f3ria de amor com elementos \u00e0 Romeu e Julieta, sem perder o humor, que permeia todo o folhetim.<\/p>\n","protected":false},"excerpt":{"rendered":"<p>Novela &#8220;A Dona do Peda\u00e7o\u201d: Maria da Paz (Juliana Paes) inaugura sua confeitaria, Fabiana (Nathalia Dill) tenta roubar as receitas da rival e a boleira reclama. Fabiana explica: &#8220;Mal voc\u00ea abriu sua confeitaria, as minhas confeitarias mais pr\u00f3ximas come\u00e7aram a vender menos. &#8230; Eu farei os mesmos bolos, s\u00f3 que a pre\u00e7o mais baixo &#8230; [&hellip;]<\/p>\n","protected":false},"author":2,"featured_media":177402,"comment_status":"open","ping_status":"closed","sticky":false,"template":"","format":"standard","meta":{"tdm_status":"","tdm_grid_status":"","footnotes":""},"categories":[543,379,375,343],"tags":[440],"class_list":{"0":"post-181779","1":"post","2":"type-post","3":"status-publish","4":"format-standard","5":"has-post-thumbnail","7":"category-a-dona-do-pedaco","8":"category-novelas","9":"category-rede-globo","10":"category-televisao","11":"tag-noticia-novela"},"_links":{"self":[{"href":"https:\/\/migracao.redenoticia.com.br\/noticia\/wp-json\/wp\/v2\/posts\/181779","targetHints":{"allow":["GET"]}}],"collection":[{"href":"https:\/\/migracao.redenoticia.com.br\/noticia\/wp-json\/wp\/v2\/posts"}],"about":[{"href":"https:\/\/migracao.redenoticia.com.br\/noticia\/wp-json\/wp\/v2\/types\/post"}],"author":[{"embeddable":true,"href":"https:\/\/migracao.redenoticia.com.br\/noticia\/wp-json\/wp\/v2\/users\/2"}],"replies":[{"embeddable":true,"href":"https:\/\/migracao.redenoticia.com.br\/noticia\/wp-json\/wp\/v2\/comments?post=181779"}],"version-history":[{"count":0,"href":"https:\/\/migracao.redenoticia.com.br\/noticia\/wp-json\/wp\/v2\/posts\/181779\/revisions"}],"wp:featuredmedia":[{"embeddable":true,"href":"https:\/\/migracao.redenoticia.com.br\/noticia\/wp-json\/wp\/v2\/media\/177402"}],"wp:attachment":[{"href":"https:\/\/migracao.redenoticia.com.br\/noticia\/wp-json\/wp\/v2\/media?parent=181779"}],"wp:term":[{"taxonomy":"category","embeddable":true,"href":"https:\/\/migracao.redenoticia.com.br\/noticia\/wp-json\/wp\/v2\/categories?post=181779"},{"taxonomy":"post_tag","embeddable":true,"href":"https:\/\/migracao.redenoticia.com.br\/noticia\/wp-json\/wp\/v2\/tags?post=181779"}],"curies":[{"name":"wp","href":"https:\/\/api.w.org\/{rel}","templated":true}]}}