{"id":1818,"date":"2009-05-20T15:35:00","date_gmt":"2009-05-20T19:35:00","guid":{"rendered":"http:\/\/www.redenoticia.com.br\/noticia\/?p=1818"},"modified":"2009-05-20T15:35:00","modified_gmt":"2009-05-20T19:35:00","slug":"novos-testes-para-escolha-de-computador-educacional","status":"publish","type":"post","link":"https:\/\/migracao.redenoticia.com.br\/noticia\/2009\/novos-testes-para-escolha-de-computador-educacional\/1818","title":{"rendered":"Novos testes para escolha de computador educacional"},"content":{"rendered":"<p class=\"MsoNormal\"><span style=\"font-family: Arial;\"><a href=\"https:\/\/migracao.redenoticia.com.br\/noticia\/imagens\/\/notebook.jpg\"><img loading=\"lazy\" decoding=\"async\" class=\"alignleft size-medium wp-image-1817\" title=\"notebook\" src=\"https:\/\/migracao.redenoticia.com.br\/noticia\/imagens\/\/notebook-249x187.jpg\" alt=\"notebook\" width=\"249\" height=\"187\" \/><\/a>O Minist\u00e9rio da Educa\u00e7\u00e3o (MEC) decidiu ampliar a fase de testes dos <em>notebooks <\/em>educacionais que o governo federal pretende distribuir a alunos de 300 escolas p\u00fablicas. Segundo o coordenador de inclus\u00e3o digital da Presid\u00eancia da Rep\u00fablica, Cezar Alvarez, a realiza\u00e7\u00e3o de novos experimentos foi decidida na \u00faltima semana, para que n\u00e3o haja d\u00favidas sobre a qualidade dos equipamentos a serem adquiridos. O governo fez o preg\u00e3o eletr\u00f4nico em dezembro de 2008. <\/span><\/p>\n<p class=\"MsoNormal\" style=\"line-height: 12.75pt;\"><span style=\"font-family: Arial;\">Segundo Alvarez, os testes ser\u00e3o realizados pelo Instituto Nacional de Metrologia, Normaliza\u00e7\u00e3o e Qualidade Industrial (Inmetro), contratado na semana passada pelo MEC. \u201cSe os equipamentos forem aprovados, em no m\u00e1ximo 30 dias poderemos fechar um contrato e, em 90 dias, os <em>notebooks <\/em>chegar\u00e3o \u00e0s escolas. Agora, se os micros da empresa primeira colocada no preg\u00e3o eletr\u00f4nico n\u00e3o forem validados, ent\u00e3o chamaremos a segunda colocada, negociando com base no mesmo pre\u00e7o [<em>apresentado<\/em>] pela primeira colocada\u201d, disse Alvarez \u00e0 <span>Ag\u00eancia Brasil<\/span>. <\/span><\/p>\n<p class=\"MsoNormal\" style=\"line-height: 12.75pt;\"><span style=\"font-family: Arial;\">Representante no Brasil da empresa indiana Encore, a Comsat Tecnologia apresentou a melhor proposta de pre\u00e7o durante o preg\u00e3o eletr\u00f4nico realizado em dezembro pelo Fundo Nacional de Desenvolvimento da Educa\u00e7\u00e3o (FNDE). Por R$ 82,55 milh\u00f5es, a empresa se prontificou a entregar 150 mil <em>notebooks<\/em> ao MEC. Assim, cada aparelho custaria R$ 550. A proposta inclui a entrega do equipamento em cada uma das escolas p\u00fablicas que integrar\u00e3o a primeira etapa do projeto Um Computador por Aluno (UCA), al\u00e9m de manuten\u00e7\u00e3o, garantia e impostos. <\/span><\/p>\n<p class=\"MsoNormal\" style=\"line-height: 12.75pt;\"><span style=\"font-family: Arial;\">Para o procurador da Comsat, Jackson Alexandre Sosa, falta clareza na condu\u00e7\u00e3o do processo licitat\u00f3rio. \u201cTememos por isso e como a situa\u00e7\u00e3o est\u00e1 demorando [<em>a ser resolvida<\/em>] ficamos inseguros. Estamos procurando todos os meios legais poss\u00edveis para demonstrar que nosso produto est\u00e1 em conformidade com o que estabelecia o edital\u201d, adiantou Sosa.<\/span><\/p>\n<p class=\"MsoNormal\" style=\"line-height: 12.75pt;\"><span style=\"font-family: Arial;\">Sosa diz que n\u00e3o foi oficialmente notificado a respeito da amplia\u00e7\u00e3o da fase de testes. Segundo ele, a Comsat n\u00e3o recebeu\u00a0 relat\u00f3rio ou documento sobre poss\u00edveis falhas que comprometessem o desempenho dos aparelhos, cujo desenvolvimento teve investimento de R$ 2,4 milh\u00f5es. De acordo com Sosa, o MEC enviou na semana passada um fax ao advogado da Comsat, exigindo que a empresa entregasse novas m\u00e1quinas para testes no prazo de 48 horas. <\/span><\/p>\n<p class=\"MsoNormal\" style=\"line-height: 12.75pt;\"><span style=\"font-family: Arial;\">&#8220;Respondemos que n\u00e3o entregar\u00edamos neste prazo, pedindo mais tempo. Quisemos saber sobre como acompanhar os testes. Recebemos uma resposta do MEC dizendo que o prazo n\u00e3o seria prorrogado&#8221;, disse Sosa. &#8220;Diziam que ser\u00edamos notificados pelo pregoeiro oficial, o que n\u00e3o aconteceu, e que algu\u00e9m do Inmetro nos informaria sobre o local dos testes e as condi\u00e7\u00f5es, conforme prev\u00ea o edital. Isso tamb\u00e9m n\u00e3o foi feito.\u201d <\/span><\/p>\n<p class=\"MsoNormal\" style=\"line-height: 12.75pt;\"><span style=\"font-family: Arial;\">O site de compras do governo federal, o ComprasNet, n\u00e3o apresenta qualquer nova informa\u00e7\u00e3o sobre o preg\u00e3o desde o \u00faltimo dia 30. <\/span><\/p>\n<p class=\"MsoNormal\" style=\"line-height: 12.75pt;\"><span style=\"font-family: Arial;\">Sosa entende que o <em>notebook<\/em> desenvolvido pela Comsat, o <em>Mobilis<\/em>, segue as especifica\u00e7\u00f5es do edital de convoca\u00e7\u00e3o das empresas interessadas em participar da licita\u00e7\u00e3o. Segundo ele, t\u00e9cnicos do MEC teriam informalmente feito coment\u00e1rios sobre caracter\u00edsticas do aparelho que n\u00e3o contrariam \u00e0s exig\u00eancias do edital, como o tamanho da tela do microcomputador.<\/span><\/p>\n<p class=\"MsoNormal\" style=\"line-height: 12.75pt;\"><span style=\"font-family: Arial;\">\u201c\u00c9 como se algu\u00e9m quisesse mudar as regras do jogo durante a partida. A informa\u00e7\u00e3o extra-oficial que temos \u00e9 que nosso aparelho estaria incompat\u00edvel com as especifica\u00e7\u00f5es do edital\u201d, disse Sosa. \u201cDurante uma reuni\u00e3o, ouvi um coment\u00e1rio do tipo: se a licita\u00e7\u00e3o ocorresse hoje, o produto licitado n\u00e3o seria o mesmo. A tela n\u00e3o teria apenas 7 polegadas, e o produto teria que ter maior capacidade de mem\u00f3ria e de processamento.\u201d<\/span><\/p>\n<p class=\"MsoNormal\" style=\"line-height: 12.75pt;\"><span style=\"font-family: Arial;\">Sobre as observa\u00e7\u00f5es do procurador da empresa, C\u00e9zar Alvarez garante que o processo de compra n\u00e3o foi interrompido. \u201cO que h\u00e1 \u00e9 continuidade e aprofundamento dos testes que j\u00e1 vinham sendo feitos. Vamos at\u00e9 o fim com essa licita\u00e7\u00e3o porque os equipamentos est\u00e3o na faixa de pre\u00e7o sugerido [<em>pelo FNDE<\/em>] e para o qual nos preparamos financeiramente.\u201d Ele tamb\u00e9m ressaltou que \u201cquem determina quando terminam os testes \u00e9 o licitante, e quem compra decide sobre a qualidade do que \u00e9 comprado.\u201d <\/span><\/p>\n<p class=\"MsoNormal\" style=\"line-height: 12.75pt;\"><span style=\"font-family: Arial;\">\u201cO governo n\u00e3o ser\u00e1 irrespons\u00e1vel adquirindo um equipamento que n\u00e3o esteja em plenas condi\u00e7\u00f5es. Se este equipamento for aprovado, todo o processo significar\u00e1 um selo de atestado da qualidade do produto. E quem dir\u00e1 isso ser\u00e1 o Inmetro, um certificador internacional\u201d, afirmou. <\/span><\/p>\n<p class=\"MsoNormal\" style=\"margin-bottom: 12pt;\"><span style=\"font-family: Arial;\">Alex Rodrigues<br \/>\n<em>Rep\u00f3rter da Ag\u00eancia Brasil<\/em> <\/span><\/p>\n","protected":false},"excerpt":{"rendered":"<p>O Minist\u00e9rio da Educa\u00e7\u00e3o (MEC) decidiu ampliar a fase de testes dos notebooks educacionais que o governo federal pretende distribuir a alunos de 300 escolas p\u00fablicas. Segundo o coordenador de inclus\u00e3o digital da Presid\u00eancia da Rep\u00fablica, Cezar Alvarez, a realiza\u00e7\u00e3o de novos experimentos foi decidida na \u00faltima semana, para que n\u00e3o haja d\u00favidas sobre a [&hellip;]<\/p>\n","protected":false},"author":3,"featured_media":0,"comment_status":"open","ping_status":"open","sticky":false,"template":"","format":"standard","meta":{"tdm_status":"","tdm_grid_status":"","footnotes":""},"categories":[22],"tags":[],"class_list":{"0":"post-1818","1":"post","2":"type-post","3":"status-publish","4":"format-standard","6":"category-brasil"},"_links":{"self":[{"href":"https:\/\/migracao.redenoticia.com.br\/noticia\/wp-json\/wp\/v2\/posts\/1818","targetHints":{"allow":["GET"]}}],"collection":[{"href":"https:\/\/migracao.redenoticia.com.br\/noticia\/wp-json\/wp\/v2\/posts"}],"about":[{"href":"https:\/\/migracao.redenoticia.com.br\/noticia\/wp-json\/wp\/v2\/types\/post"}],"author":[{"embeddable":true,"href":"https:\/\/migracao.redenoticia.com.br\/noticia\/wp-json\/wp\/v2\/users\/3"}],"replies":[{"embeddable":true,"href":"https:\/\/migracao.redenoticia.com.br\/noticia\/wp-json\/wp\/v2\/comments?post=1818"}],"version-history":[{"count":0,"href":"https:\/\/migracao.redenoticia.com.br\/noticia\/wp-json\/wp\/v2\/posts\/1818\/revisions"}],"wp:attachment":[{"href":"https:\/\/migracao.redenoticia.com.br\/noticia\/wp-json\/wp\/v2\/media?parent=1818"}],"wp:term":[{"taxonomy":"category","embeddable":true,"href":"https:\/\/migracao.redenoticia.com.br\/noticia\/wp-json\/wp\/v2\/categories?post=1818"},{"taxonomy":"post_tag","embeddable":true,"href":"https:\/\/migracao.redenoticia.com.br\/noticia\/wp-json\/wp\/v2\/tags?post=1818"}],"curies":[{"name":"wp","href":"https:\/\/api.w.org\/{rel}","templated":true}]}}