{"id":181829,"date":"2019-09-11T19:36:05","date_gmt":"2019-09-11T22:36:05","guid":{"rendered":"https:\/\/www.redenoticia.com.br\/noticia\/?p=181829"},"modified":"2019-09-11T19:36:11","modified_gmt":"2019-09-11T22:36:11","slug":"resumo-novela-a-dona-do-pedaco-12-09-maria-sofre-assalto-e-conhece-joana","status":"publish","type":"post","link":"https:\/\/migracao.redenoticia.com.br\/noticia\/2019\/resumo-novela-a-dona-do-pedaco-12-09-maria-sofre-assalto-e-conhece-joana\/181829","title":{"rendered":"Resumo novela \u201cA Dona do Peda\u00e7o\u201d 12\/09: Maria sofre assalto e conhece Joana"},"content":{"rendered":"<p><em><strong><img loading=\"lazy\" decoding=\"async\" class=\"aligncenter size-large wp-image-175347\" src=\"https:\/\/migracao.redenoticia.com.br\/noticia\/imagens\/A-Dona-do-Pedaco-globo-261x300.jpg\" alt=\"\" width=\"261\" height=\"300\" srcset=\"https:\/\/migracao.redenoticia.com.br\/noticia\/imagens\/A-Dona-do-Pedaco-globo-261x300.jpg 261w, https:\/\/migracao.redenoticia.com.br\/noticia\/imagens\/A-Dona-do-Pedaco-globo-163x187.jpg 163w, https:\/\/migracao.redenoticia.com.br\/noticia\/imagens\/A-Dona-do-Pedaco-globo.jpg 600w\" sizes=\"auto, (max-width: 261px) 100vw, 261px\" \/><\/strong><\/em><\/p>\n<p><em><strong>Resumo novela \u201cA Dona do Peda\u00e7o\u201d 12\/09:<\/strong><\/em> no cap\u00edtulo 100(*) da novela, resumo quinta-feira, 12 de setembro, J\u00f4 tenta despistar T\u00e9o em rela\u00e7\u00e3o a Fabiana. Maria da Paz se emociona com a atitude de R\u00e9gis. Ot\u00e1vio decide voltar para casa. Sabrina afirma a S\u00e1vio que reconquistar\u00e1 Ot\u00e1vio. T\u00e9o confronta Fabiana e deduz que ela guarda provas contra J\u00f4 em seu celular. R\u00e9gis faz o exame de DNA para descobrir se \u00e9 o pai de Arthur. Eus\u00e9bio e Coruja combinam a nova luta entre Rock e Paix\u00e3o. Beatriz comenta com Vivi que sentir\u00e1 falta de Z\u00e9 H\u00e9lio.<\/p>\n<p>Maria da Paz conversa com Amadeu sobre sua nova confeitaria. Camilo interroga Fabiana sobre Chiclete. Fabiana demite Tonho e Jenifer. Rock percebe o clima entre Agno e Leandro. T\u00e9o e Rock insistem para que Agno repasse a comiss\u00e3o do falso investimento de J\u00f4 para Maria da Paz. Ot\u00e1vio n\u00e3o resiste a Sabrina e sai com ela. J\u00f4 descobre que perdeu todo o dinheiro que investiu. Maria da Paz sofre um assalto e conhece Joana.<\/p>\n<p>(*) edi\u00e7\u00e3o da Rede Globo, Novela \u201cA Dona do Peda\u00e7o\u201d, sujeito a altera\u00e7\u00e3o de data e conte\u00fado.<\/p>\n<p>Destaque<\/p>\n<p>Sinopse \u201cA Dona do Peda\u00e7o\u201d: a novela enaltece a trajet\u00f3ria de Maria da Paz (Juliana Paes), uma jovem humilde, da cidade fict\u00edcia de Rio Vermelho, no Esp\u00edrito Santo. Maria vem de uma fam\u00edlia de justiceiros profissionais, os Ramirez, e se apaixona justamente por Amadeu (Marcos Palmeira), advogado formado em Vit\u00f3ria e membro do cl\u00e3 rival nos neg\u00f3cios, os Matheus. A trama, dividida em um pr\u00f3logo e duas fases, traz uma hist\u00f3ria de amor com elementos \u00e0 Romeu e Julieta, sem perder o humor, que permeia todo o folhetim.<\/p>\n","protected":false},"excerpt":{"rendered":"<p>Resumo novela \u201cA Dona do Peda\u00e7o\u201d 12\/09: no cap\u00edtulo 100(*) da novela, resumo quinta-feira, 12 de setembro, J\u00f4 tenta despistar T\u00e9o em rela\u00e7\u00e3o a Fabiana. Maria da Paz se emociona com a atitude de R\u00e9gis. Ot\u00e1vio decide voltar para casa. Sabrina afirma a S\u00e1vio que reconquistar\u00e1 Ot\u00e1vio. T\u00e9o confronta Fabiana e deduz que ela guarda [&hellip;]<\/p>\n","protected":false},"author":2,"featured_media":175348,"comment_status":"open","ping_status":"closed","sticky":false,"template":"","format":"standard","meta":{"tdm_status":"","tdm_grid_status":"","footnotes":""},"categories":[543,379,375,343],"tags":[441],"class_list":{"0":"post-181829","1":"post","2":"type-post","3":"status-publish","4":"format-standard","5":"has-post-thumbnail","7":"category-a-dona-do-pedaco","8":"category-novelas","9":"category-rede-globo","10":"category-televisao","11":"tag-resumo-do-dia"},"_links":{"self":[{"href":"https:\/\/migracao.redenoticia.com.br\/noticia\/wp-json\/wp\/v2\/posts\/181829","targetHints":{"allow":["GET"]}}],"collection":[{"href":"https:\/\/migracao.redenoticia.com.br\/noticia\/wp-json\/wp\/v2\/posts"}],"about":[{"href":"https:\/\/migracao.redenoticia.com.br\/noticia\/wp-json\/wp\/v2\/types\/post"}],"author":[{"embeddable":true,"href":"https:\/\/migracao.redenoticia.com.br\/noticia\/wp-json\/wp\/v2\/users\/2"}],"replies":[{"embeddable":true,"href":"https:\/\/migracao.redenoticia.com.br\/noticia\/wp-json\/wp\/v2\/comments?post=181829"}],"version-history":[{"count":0,"href":"https:\/\/migracao.redenoticia.com.br\/noticia\/wp-json\/wp\/v2\/posts\/181829\/revisions"}],"wp:featuredmedia":[{"embeddable":true,"href":"https:\/\/migracao.redenoticia.com.br\/noticia\/wp-json\/wp\/v2\/media\/175348"}],"wp:attachment":[{"href":"https:\/\/migracao.redenoticia.com.br\/noticia\/wp-json\/wp\/v2\/media?parent=181829"}],"wp:term":[{"taxonomy":"category","embeddable":true,"href":"https:\/\/migracao.redenoticia.com.br\/noticia\/wp-json\/wp\/v2\/categories?post=181829"},{"taxonomy":"post_tag","embeddable":true,"href":"https:\/\/migracao.redenoticia.com.br\/noticia\/wp-json\/wp\/v2\/tags?post=181829"}],"curies":[{"name":"wp","href":"https:\/\/api.w.org\/{rel}","templated":true}]}}