{"id":181834,"date":"2019-09-11T19:24:32","date_gmt":"2019-09-11T22:24:32","guid":{"rendered":"https:\/\/www.redenoticia.com.br\/noticia\/?p=181834"},"modified":"2019-09-11T19:24:37","modified_gmt":"2019-09-11T22:24:37","slug":"resumo-novela-as-aventuras-de-poliana-12-09-joao-ve-a-sombra-de-ester","status":"publish","type":"post","link":"https:\/\/migracao.redenoticia.com.br\/noticia\/2019\/resumo-novela-as-aventuras-de-poliana-12-09-joao-ve-a-sombra-de-ester\/181834","title":{"rendered":"Resumo novela \u201cAs Aventuras de Poliana\u201d 12\/09: Jo\u00e3o v\u00ea a sombra de Ester"},"content":{"rendered":"<p><strong><em><img loading=\"lazy\" decoding=\"async\" class=\"aligncenter size-large wp-image-148662\" src=\"https:\/\/migracao.redenoticia.com.br\/noticia\/imagens\/as-aventuras-de-poliana-novela-400x267.jpg\" alt=\"\" width=\"400\" height=\"267\" srcset=\"https:\/\/migracao.redenoticia.com.br\/noticia\/imagens\/as-aventuras-de-poliana-novela-400x267.jpg 400w, https:\/\/migracao.redenoticia.com.br\/noticia\/imagens\/as-aventuras-de-poliana-novela-250x167.jpg 250w, https:\/\/migracao.redenoticia.com.br\/noticia\/imagens\/as-aventuras-de-poliana-novela-150x100.jpg 150w, https:\/\/migracao.redenoticia.com.br\/noticia\/imagens\/as-aventuras-de-poliana-novela.jpg 600w\" sizes=\"auto, (max-width: 400px) 100vw, 400px\" \/>Resumo novela \u201cAs Aventuras de Poliana\u201d 12\/09<\/em><\/strong>: no cap\u00edtulo 347(*) da novela, resumo de quinta-feira, 12 de setembro, ap\u00f3s a briga com Jerry, Guilherme chega em casa ferido e seus pais ficam preocupados. Jeff ajuda Vini a estudar. Poliana tem um sonho com sua meia irm\u00e3 Estela. M\u00e1rio vira a madrugada jogando Vetherna. Mirela viaja para o s\u00edtio de seus pais. Ap\u00f3s o ocorrido em sua casa, Luisa chama Nancy para conversar. Waldisney \u00e9 intimado para prestar depoimento com a pris\u00e3o de Rato, Mosquito se une a gangue de Falc\u00e3o. Para esclarecer algumas d\u00favidas, Poliana elabora uma lista de perguntas para Pendleton.<\/p>\n<p>Lorena pede para Poliana e Jo\u00e3o investigarem sobre a sombra misteriosa que viram na casa de OTTO. A av\u00f3 de Bento continua a procurar Ruth. Roger convence os acionistas a tomarem uma atitude quanto aos acontecimentos negativos da 0110. D\u00e9bora convida Marcelo para seu casamento com Afonso. Hel\u00f4 \u00e9 abordada pela av\u00f3 de Bento e a leva para a sala de Ruth. Na casa de Pendleton, Jo\u00e3o v\u00ea a sombra de Ester por baixo da porta e o confronta.<\/p>\n<p>(*) edi\u00e7\u00e3o do SBT, Novela \u201cAs Aventuras de Poliana\u201d, sujeito a altera\u00e7\u00e3o de data e conte\u00fado.<\/p>\n<p>Poliana \u00e9 uma menina extrovertida e de bom cora\u00e7\u00e3o que viajava o Brasil com seus pais, Lorenzo e Alice, no grupo circense Trupe Vagalume. Aos onze anos a garota v\u00ea seu mundo desabar quando seus pais falecem e ela tem que ir morar em S\u00e3o Paulo com sua tia Lu\u00edsa, uma mulher rica e severa, a qual ela n\u00e3o conhecia e que n\u00e3o queria cuidar dela, embora sinta que \u00e9 sua obriga\u00e7\u00e3o pela alma de sua irm\u00e3. Apesar do jeito da rigidez da tia, Poliana decide ter uma vis\u00e3o positiva e inabal\u00e1vel da vida, mesmo nos momentos de dificuldade, tentando levar um pouco de felicidade para a vida de cada um dos seus novos amigos e vizinhos, como o Sr. Pendleton, um homem rico e infeliz por nunca ter tido filhos. Ela vai estudar no col\u00e9gio de Ruth, uma diretora de bom cora\u00e7\u00e3o que a ajuda a se adaptar, mas tem que lidar com as vilanias de Mirela, garota mais velha que n\u00e3o aceita perder a popularidade para uma novata.<\/p>\n","protected":false},"excerpt":{"rendered":"<p>Resumo novela \u201cAs Aventuras de Poliana\u201d 12\/09: no cap\u00edtulo 347(*) da novela, resumo de quinta-feira, 12 de setembro, ap\u00f3s a briga com Jerry, Guilherme chega em casa ferido e seus pais ficam preocupados. Jeff ajuda Vini a estudar. Poliana tem um sonho com sua meia irm\u00e3 Estela. M\u00e1rio vira a madrugada jogando Vetherna. Mirela viaja [&hellip;]<\/p>\n","protected":false},"author":2,"featured_media":148663,"comment_status":"open","ping_status":"closed","sticky":false,"template":"","format":"standard","meta":{"tdm_status":"","tdm_grid_status":"","footnotes":""},"categories":[477,379,372,343],"tags":[441],"class_list":{"0":"post-181834","1":"post","2":"type-post","3":"status-publish","4":"format-standard","5":"has-post-thumbnail","7":"category-as-aventuras-de-poliana","8":"category-novelas","9":"category-sbt","10":"category-televisao","11":"tag-resumo-do-dia"},"_links":{"self":[{"href":"https:\/\/migracao.redenoticia.com.br\/noticia\/wp-json\/wp\/v2\/posts\/181834","targetHints":{"allow":["GET"]}}],"collection":[{"href":"https:\/\/migracao.redenoticia.com.br\/noticia\/wp-json\/wp\/v2\/posts"}],"about":[{"href":"https:\/\/migracao.redenoticia.com.br\/noticia\/wp-json\/wp\/v2\/types\/post"}],"author":[{"embeddable":true,"href":"https:\/\/migracao.redenoticia.com.br\/noticia\/wp-json\/wp\/v2\/users\/2"}],"replies":[{"embeddable":true,"href":"https:\/\/migracao.redenoticia.com.br\/noticia\/wp-json\/wp\/v2\/comments?post=181834"}],"version-history":[{"count":0,"href":"https:\/\/migracao.redenoticia.com.br\/noticia\/wp-json\/wp\/v2\/posts\/181834\/revisions"}],"wp:featuredmedia":[{"embeddable":true,"href":"https:\/\/migracao.redenoticia.com.br\/noticia\/wp-json\/wp\/v2\/media\/148663"}],"wp:attachment":[{"href":"https:\/\/migracao.redenoticia.com.br\/noticia\/wp-json\/wp\/v2\/media?parent=181834"}],"wp:term":[{"taxonomy":"category","embeddable":true,"href":"https:\/\/migracao.redenoticia.com.br\/noticia\/wp-json\/wp\/v2\/categories?post=181834"},{"taxonomy":"post_tag","embeddable":true,"href":"https:\/\/migracao.redenoticia.com.br\/noticia\/wp-json\/wp\/v2\/tags?post=181834"}],"curies":[{"name":"wp","href":"https:\/\/api.w.org\/{rel}","templated":true}]}}