{"id":181835,"date":"2019-09-11T19:23:30","date_gmt":"2019-09-11T22:23:30","guid":{"rendered":"https:\/\/www.redenoticia.com.br\/noticia\/?p=181835"},"modified":"2019-09-11T19:23:34","modified_gmt":"2019-09-11T22:23:34","slug":"resumo-novela-a-que-nao-podia-amar-12-09-rogerio-enfrenta-gustavo","status":"publish","type":"post","link":"https:\/\/migracao.redenoticia.com.br\/noticia\/2019\/resumo-novela-a-que-nao-podia-amar-12-09-rogerio-enfrenta-gustavo\/181835","title":{"rendered":"Resumo novela \u201cA Que N\u00e3o Podia Amar\u201d 12\/09: Rog\u00e9rio enfrenta Gustavo"},"content":{"rendered":"<p><strong><em><img loading=\"lazy\" decoding=\"async\" class=\"aligncenter size-large wp-image-173635\" src=\"https:\/\/migracao.redenoticia.com.br\/noticia\/imagens\/a-que-nao-podia-amar-400x271.jpg\" alt=\"\" width=\"400\" height=\"271\" srcset=\"https:\/\/migracao.redenoticia.com.br\/noticia\/imagens\/a-que-nao-podia-amar-400x271.jpg 400w, https:\/\/migracao.redenoticia.com.br\/noticia\/imagens\/a-que-nao-podia-amar-250x169.jpg 250w, https:\/\/migracao.redenoticia.com.br\/noticia\/imagens\/a-que-nao-podia-amar-560x379.jpg 560w, https:\/\/migracao.redenoticia.com.br\/noticia\/imagens\/a-que-nao-podia-amar.jpg 620w\" sizes=\"auto, (max-width: 400px) 100vw, 400px\" \/><\/em><\/strong><\/p>\n<p>Resumo da novela<strong><em> \u201cA Que N\u00e3o Podia Amar\u201d&nbsp;<\/em><\/strong> em 12\/09: no cap\u00edtulo 114(*) da novela, quinta-feira, 12 de setembro,  Ana Paula est\u00e1 muito triste pela atitude de Rog\u00e9rio, diz que entende que ele esteja irritado pelos resultados n\u00e3o terem sido os esperados e lhe pede que n\u00e3o desconte sua raiva nela porque n\u00e3o tem culpa. O fazendeiro responde que a esposa tem raz\u00e3o, por isso devem cancelar seu casamento. Em seu desespero, C\u00edntia comenta sarcasticamente com Vanessa que formar\u00e1 uma linda fam\u00edlia com um homem que n\u00e3o a ama e com um beb\u00ea que n\u00e3o deseja. Rog\u00e9rio volta a enfrentar Gustavo, diz que percebe que ele continua amando Ana Paula e exige que a deixe em paz.<\/p>\n<p>Ana Paula diz a C\u00edntia que seu beb\u00ea era um ser inocente e n\u00e3o tinha culpa de nada do que estava acontecendo, al\u00e9m disso continua sem entender como foi que uma cobra chegou at\u00e9 seu quarto. Por outro lado, Bruno pede a Vanessa que aceite que ele fa\u00e7a a entrega do pedido de carne que ela precisa, assegura que ele conta com todas as medidas sanit\u00e1rias necess\u00e1rias, ela fica pensativa. C\u00edntia pede a Rog\u00e9rio que seja padrinho de seu beb\u00ea, ele aceita, mas ela informa que a madrinha ser\u00e1 Vanessa.<\/p>\n<p>(*) edi\u00e7\u00e3o do SBT, Novela \u201cA Que N\u00e3o Podia Amar\u201d, sujeito a altera\u00e7\u00e3o de data e conte\u00fado.<\/p>\n<p>Destaques<\/p>\n<p>&#8220;A Que N\u00e3o Podia Amar&#8221;- Ana Paula, uma enfermeira humilde que se v\u00ea obrigada a trabalhar na casa de Rog\u00e9rio Montero (Jorge Salinas), um homem amargurado. Rog\u00e9rio sofre por ser parapl\u00e9gico e destrata todas as pessoas. Ana Paula atura tudo calada e o rica\u00e7o se apaixona por ela.<\/p>\n<p>Ana conhece Gustavo Duran (Jos\u00e9 Ron), um engenheiro nobre e trabalhador. Os dois se apaixonam, mas ter\u00e3o de enfrentar Rog\u00e9rio, j\u00e1 que ele tamb\u00e9m gosta da mocinha, formando assim, um tri\u00e2ngulo amoroso com terr\u00edveis consequ\u00eancias.<\/p>\n","protected":false},"excerpt":{"rendered":"<p>Resumo da novela \u201cA Que N\u00e3o Podia Amar\u201d&nbsp; em 12\/09: no cap\u00edtulo 114(*) da novela, quinta-feira, 12 de setembro, Ana Paula est\u00e1 muito triste pela atitude de Rog\u00e9rio, diz que entende que ele esteja irritado pelos resultados n\u00e3o terem sido os esperados e lhe pede que n\u00e3o desconte sua raiva nela porque n\u00e3o tem culpa. [&hellip;]<\/p>\n","protected":false},"author":2,"featured_media":173627,"comment_status":"open","ping_status":"closed","sticky":false,"template":"","format":"standard","meta":{"tdm_status":"","tdm_grid_status":"","footnotes":""},"categories":[379,372,343],"tags":[441],"class_list":{"0":"post-181835","1":"post","2":"type-post","3":"status-publish","4":"format-standard","5":"has-post-thumbnail","7":"category-novelas","8":"category-sbt","9":"category-televisao","10":"tag-resumo-do-dia"},"_links":{"self":[{"href":"https:\/\/migracao.redenoticia.com.br\/noticia\/wp-json\/wp\/v2\/posts\/181835","targetHints":{"allow":["GET"]}}],"collection":[{"href":"https:\/\/migracao.redenoticia.com.br\/noticia\/wp-json\/wp\/v2\/posts"}],"about":[{"href":"https:\/\/migracao.redenoticia.com.br\/noticia\/wp-json\/wp\/v2\/types\/post"}],"author":[{"embeddable":true,"href":"https:\/\/migracao.redenoticia.com.br\/noticia\/wp-json\/wp\/v2\/users\/2"}],"replies":[{"embeddable":true,"href":"https:\/\/migracao.redenoticia.com.br\/noticia\/wp-json\/wp\/v2\/comments?post=181835"}],"version-history":[{"count":0,"href":"https:\/\/migracao.redenoticia.com.br\/noticia\/wp-json\/wp\/v2\/posts\/181835\/revisions"}],"wp:featuredmedia":[{"embeddable":true,"href":"https:\/\/migracao.redenoticia.com.br\/noticia\/wp-json\/wp\/v2\/media\/173627"}],"wp:attachment":[{"href":"https:\/\/migracao.redenoticia.com.br\/noticia\/wp-json\/wp\/v2\/media?parent=181835"}],"wp:term":[{"taxonomy":"category","embeddable":true,"href":"https:\/\/migracao.redenoticia.com.br\/noticia\/wp-json\/wp\/v2\/categories?post=181835"},{"taxonomy":"post_tag","embeddable":true,"href":"https:\/\/migracao.redenoticia.com.br\/noticia\/wp-json\/wp\/v2\/tags?post=181835"}],"curies":[{"name":"wp","href":"https:\/\/api.w.org\/{rel}","templated":true}]}}