{"id":181865,"date":"2019-09-12T14:23:44","date_gmt":"2019-09-12T17:23:44","guid":{"rendered":"https:\/\/www.redenoticia.com.br\/noticia\/?p=181865"},"modified":"2019-09-12T14:23:48","modified_gmt":"2019-09-12T17:23:48","slug":"resumo-novela-a-que-nao-podia-amar-13-09-ana-paula-leva-rogerio-ate-a-igreja","status":"publish","type":"post","link":"https:\/\/migracao.redenoticia.com.br\/noticia\/2019\/resumo-novela-a-que-nao-podia-amar-13-09-ana-paula-leva-rogerio-ate-a-igreja\/181865","title":{"rendered":"Resumo novela \u201cA Que N\u00e3o Podia Amar\u201d 13\/09: Ana Paula leva Rog\u00e9rio at\u00e9 a Igreja"},"content":{"rendered":"<p><strong><em><img loading=\"lazy\" decoding=\"async\" class=\"aligncenter size-large wp-image-173635\" src=\"https:\/\/migracao.redenoticia.com.br\/noticia\/imagens\/a-que-nao-podia-amar-400x271.jpg\" alt=\"\" width=\"400\" height=\"271\" srcset=\"https:\/\/migracao.redenoticia.com.br\/noticia\/imagens\/a-que-nao-podia-amar-400x271.jpg 400w, https:\/\/migracao.redenoticia.com.br\/noticia\/imagens\/a-que-nao-podia-amar-250x169.jpg 250w, https:\/\/migracao.redenoticia.com.br\/noticia\/imagens\/a-que-nao-podia-amar-560x379.jpg 560w, https:\/\/migracao.redenoticia.com.br\/noticia\/imagens\/a-que-nao-podia-amar.jpg 620w\" sizes=\"auto, (max-width: 400px) 100vw, 400px\" \/><\/em><\/strong><\/p>\n<p>Resumo da novela<strong><em> \u201cA Que N\u00e3o Podia Amar\u201d&nbsp;<\/em><\/strong> em 13\/09: no cap\u00edtulo 115(*) da novela, sexta-feira, 13 de setembro, Ana Paula leva Rog\u00e9rio para a Igreja, diz que diante de Deus jura que o amar\u00e1 para sempre. Bruno informa a Rosaura que est\u00e1 fazendo coisas para se proteger, ela o amea\u00e7a dizendo que nem se atreva a deix\u00e1-la de fora da jogada, mas o advogado explica que se trata de outros assuntos, mas pede que ela pense como convencer Ana Paula a aguentar a situa\u00e7\u00e3o. Ana Paula chora e diz a Rog\u00e9rio que tudo est\u00e1 pronto para o casamento no s\u00e1bado, lhe pede que n\u00e3o desperdice o grande amor que sente por ele. O fazendeiro responde que tudo est\u00e1 pronto, menos o noivo. Vanessa diz a C\u00edntia que j\u00e1 que Rog\u00e9rio aceitou ser padrinho do seu filho, agora ter\u00e3o que estar juntos, ainda que ele n\u00e3o queira. Rog\u00e9rio fica hist\u00e9rico e acusa Ana Paula de querer algu\u00e9m que possa brincar com Marquinho e dan\u00e7ar com ela como Gustavo fez, ela responde que isso n\u00e3o \u00e9 verdade.<\/p>\n<p>(*) edi\u00e7\u00e3o do SBT, Novela \u201cA Que N\u00e3o Podia Amar\u201d, sujeito a altera\u00e7\u00e3o de data e conte\u00fado.<\/p>\n<p>Destaques<\/p>\n<p>&#8220;A Que N\u00e3o Podia Amar&#8221;- Ana Paula, uma enfermeira humilde que se v\u00ea obrigada a trabalhar na casa de Rog\u00e9rio Montero (Jorge Salinas), um homem amargurado. Rog\u00e9rio sofre por ser parapl\u00e9gico e destrata todas as pessoas. Ana Paula atura tudo calada e o rica\u00e7o se apaixona por ela.<\/p>\n<p>Ana conhece Gustavo Duran (Jos\u00e9 Ron), um engenheiro nobre e trabalhador. Os dois se apaixonam, mas ter\u00e3o de enfrentar Rog\u00e9rio, j\u00e1 que ele tamb\u00e9m gosta da mocinha, formando assim, um tri\u00e2ngulo amoroso com terr\u00edveis consequ\u00eancias.<\/p>\n","protected":false},"excerpt":{"rendered":"<p>Resumo da novela \u201cA Que N\u00e3o Podia Amar\u201d&nbsp; em 13\/09: no cap\u00edtulo 115(*) da novela, sexta-feira, 13 de setembro, Ana Paula leva Rog\u00e9rio para a Igreja, diz que diante de Deus jura que o amar\u00e1 para sempre. Bruno informa a Rosaura que est\u00e1 fazendo coisas para se proteger, ela o amea\u00e7a dizendo que nem se [&hellip;]<\/p>\n","protected":false},"author":4,"featured_media":173627,"comment_status":"open","ping_status":"closed","sticky":false,"template":"","format":"standard","meta":{"tdm_status":"","tdm_grid_status":"","footnotes":""},"categories":[379,372,343],"tags":[441],"class_list":{"0":"post-181865","1":"post","2":"type-post","3":"status-publish","4":"format-standard","5":"has-post-thumbnail","7":"category-novelas","8":"category-sbt","9":"category-televisao","10":"tag-resumo-do-dia"},"_links":{"self":[{"href":"https:\/\/migracao.redenoticia.com.br\/noticia\/wp-json\/wp\/v2\/posts\/181865","targetHints":{"allow":["GET"]}}],"collection":[{"href":"https:\/\/migracao.redenoticia.com.br\/noticia\/wp-json\/wp\/v2\/posts"}],"about":[{"href":"https:\/\/migracao.redenoticia.com.br\/noticia\/wp-json\/wp\/v2\/types\/post"}],"author":[{"embeddable":true,"href":"https:\/\/migracao.redenoticia.com.br\/noticia\/wp-json\/wp\/v2\/users\/4"}],"replies":[{"embeddable":true,"href":"https:\/\/migracao.redenoticia.com.br\/noticia\/wp-json\/wp\/v2\/comments?post=181865"}],"version-history":[{"count":0,"href":"https:\/\/migracao.redenoticia.com.br\/noticia\/wp-json\/wp\/v2\/posts\/181865\/revisions"}],"wp:featuredmedia":[{"embeddable":true,"href":"https:\/\/migracao.redenoticia.com.br\/noticia\/wp-json\/wp\/v2\/media\/173627"}],"wp:attachment":[{"href":"https:\/\/migracao.redenoticia.com.br\/noticia\/wp-json\/wp\/v2\/media?parent=181865"}],"wp:term":[{"taxonomy":"category","embeddable":true,"href":"https:\/\/migracao.redenoticia.com.br\/noticia\/wp-json\/wp\/v2\/categories?post=181865"},{"taxonomy":"post_tag","embeddable":true,"href":"https:\/\/migracao.redenoticia.com.br\/noticia\/wp-json\/wp\/v2\/tags?post=181865"}],"curies":[{"name":"wp","href":"https:\/\/api.w.org\/{rel}","templated":true}]}}