{"id":181869,"date":"2019-09-12T14:25:48","date_gmt":"2019-09-12T17:25:48","guid":{"rendered":"https:\/\/www.redenoticia.com.br\/noticia\/?p=181869"},"modified":"2019-09-12T14:25:53","modified_gmt":"2019-09-12T17:25:53","slug":"resumo-novela-cumplices-de-um-resgate-13-09-regina-descobre-passagem-secreta-na-mansao","status":"publish","type":"post","link":"https:\/\/migracao.redenoticia.com.br\/noticia\/2019\/resumo-novela-cumplices-de-um-resgate-13-09-regina-descobre-passagem-secreta-na-mansao\/181869","title":{"rendered":"Resumo novela \u201cC\u00famplices de um Resgate\u201d 13\/09: Regina descobre  passagem secreta na mans\u00e3o"},"content":{"rendered":"<p><img loading=\"lazy\" decoding=\"async\" class=\"aligncenter size-large wp-image-164526\" src=\"https:\/\/migracao.redenoticia.com.br\/noticia\/imagens\/cumplices-de-um-resgate-001-316x300.jpg\" alt=\"\" width=\"316\" height=\"300\" srcset=\"https:\/\/migracao.redenoticia.com.br\/noticia\/imagens\/cumplices-de-um-resgate-001-316x300.jpg 316w, https:\/\/migracao.redenoticia.com.br\/noticia\/imagens\/cumplices-de-um-resgate-001-197x187.jpg 197w, https:\/\/migracao.redenoticia.com.br\/noticia\/imagens\/cumplices-de-um-resgate-001-150x143.jpg 150w, https:\/\/migracao.redenoticia.com.br\/noticia\/imagens\/cumplices-de-um-resgate-001.jpg 526w\" sizes=\"auto, (max-width: 316px) 100vw, 316px\" \/> Resumo novela \u201cC\u00famplices de um Resgate\u201d 13\/09: no cap\u00edtulo 180(*) da novela, sexta-feira, 13 de setembro, Manuela pede para Of\u00e9lio procurar Tumtum antes que Regina mate o rato. Um Lobisomem aparece na mata e assusta Isabela e os irm\u00e3os Vaz, que est\u00e3o em uma barraca. Felipe joga a mala pra fora da barraca para o lobisomem. Rebeca canta na sorveteria para recepcionar as crian\u00e7as. Ot\u00e1vio chega ao vilarejo. Of\u00e9lio deixa a porta da passagem secreta aberta.<\/p>\n<p>Regina descobre a passagem por onde Isabela entrava na mans\u00e3o: \u201cEla enganou a gente o tempo todo\u201d, diz. A mulher fica enfurecida e briga com Manuela, que jura que n\u00e3o sabia de nada. Ot\u00e1vio dorme pela primeira vez na casa de Rebeca, mas no sof\u00e1. As crian\u00e7as decidem ca\u00e7ar a pr\u00f3pria comida. Rebeca faz massagem em Ot\u00e1vio, est\u00e1 com dor nas costas por dormir no sof\u00e1. Priscila fica triste que Fortunato proibiu sua m\u00e3e de ir at\u00e9 l\u00e1.<\/p>\n<p>(*) edi\u00e7\u00e3o do SBT, Novela \u201cC\u00famplices de um Resgate\u201d, sujeito a altera\u00e7\u00e3o de data e conte\u00fado.<\/p>\n","protected":false},"excerpt":{"rendered":"<p>Resumo novela \u201cC\u00famplices de um Resgate\u201d 13\/09: no cap\u00edtulo 180(*) da novela, sexta-feira, 13 de setembro, Manuela pede para Of\u00e9lio procurar Tumtum antes que Regina mate o rato. Um Lobisomem aparece na mata e assusta Isabela e os irm\u00e3os Vaz, que est\u00e3o em uma barraca. Felipe joga a mala pra fora da barraca para o [&hellip;]<\/p>\n","protected":false},"author":4,"featured_media":164526,"comment_status":"open","ping_status":"closed","sticky":false,"template":"","format":"standard","meta":{"tdm_status":"","tdm_grid_status":"","footnotes":""},"categories":[379,372,343],"tags":[441],"class_list":{"0":"post-181869","1":"post","2":"type-post","3":"status-publish","4":"format-standard","5":"has-post-thumbnail","7":"category-novelas","8":"category-sbt","9":"category-televisao","10":"tag-resumo-do-dia"},"_links":{"self":[{"href":"https:\/\/migracao.redenoticia.com.br\/noticia\/wp-json\/wp\/v2\/posts\/181869","targetHints":{"allow":["GET"]}}],"collection":[{"href":"https:\/\/migracao.redenoticia.com.br\/noticia\/wp-json\/wp\/v2\/posts"}],"about":[{"href":"https:\/\/migracao.redenoticia.com.br\/noticia\/wp-json\/wp\/v2\/types\/post"}],"author":[{"embeddable":true,"href":"https:\/\/migracao.redenoticia.com.br\/noticia\/wp-json\/wp\/v2\/users\/4"}],"replies":[{"embeddable":true,"href":"https:\/\/migracao.redenoticia.com.br\/noticia\/wp-json\/wp\/v2\/comments?post=181869"}],"version-history":[{"count":0,"href":"https:\/\/migracao.redenoticia.com.br\/noticia\/wp-json\/wp\/v2\/posts\/181869\/revisions"}],"wp:featuredmedia":[{"embeddable":true,"href":"https:\/\/migracao.redenoticia.com.br\/noticia\/wp-json\/wp\/v2\/media\/164526"}],"wp:attachment":[{"href":"https:\/\/migracao.redenoticia.com.br\/noticia\/wp-json\/wp\/v2\/media?parent=181869"}],"wp:term":[{"taxonomy":"category","embeddable":true,"href":"https:\/\/migracao.redenoticia.com.br\/noticia\/wp-json\/wp\/v2\/categories?post=181869"},{"taxonomy":"post_tag","embeddable":true,"href":"https:\/\/migracao.redenoticia.com.br\/noticia\/wp-json\/wp\/v2\/tags?post=181869"}],"curies":[{"name":"wp","href":"https:\/\/api.w.org\/{rel}","templated":true}]}}