{"id":18187,"date":"2009-12-12T13:55:59","date_gmt":"2009-12-12T17:55:59","guid":{"rendered":"http:\/\/www.redenoticia.com.br\/noticia\/?p=18187"},"modified":"2009-12-12T16:35:02","modified_gmt":"2009-12-12T20:35:02","slug":"derrubada-de-satelite-vai-comprometer-a-previsao-do-tempo","status":"publish","type":"post","link":"https:\/\/migracao.redenoticia.com.br\/noticia\/2009\/derrubada-de-satelite-vai-comprometer-a-previsao-do-tempo\/18187","title":{"rendered":"Derrubada de sat\u00e9lite vai comprometer a previs\u00e3o do tempo"},"content":{"rendered":"<p><img loading=\"lazy\" decoding=\"async\" class=\"alignleft size-full wp-image-18116\" title=\"previsao do tempo meteorologia\" src=\"https:\/\/migracao.redenoticia.com.br\/noticia\/imagens\/previsao-do-tempo-meteorologia.jpg\" alt=\"previsao do tempo meteorologia\" width=\"300\" height=\"193\" srcset=\"https:\/\/migracao.redenoticia.com.br\/noticia\/imagens\/previsao-do-tempo-meteorologia.jpg 300w, https:\/\/migracao.redenoticia.com.br\/noticia\/imagens\/previsao-do-tempo-meteorologia-250x160.jpg 250w, https:\/\/migracao.redenoticia.com.br\/noticia\/imagens\/previsao-do-tempo-meteorologia-150x96.jpg 150w\" sizes=\"auto, (max-width: 300px) 100vw, 300px\" \/>A <strong>previs\u00e3o do tempo<\/strong>, hoje com 98% de acerto, pode ter a margem de efici\u00eancia reduzida a menos da metade &#8211; em torno de 45% &#8211; a partir de dezembro. Isso porque o principal sat\u00e9lite respons\u00e1vel por monitorar as condi\u00e7\u00f5es clim\u00e1ticas na Am\u00e9rica do Sul vai ser desativado. \u00a0O GOES 10 pertence aos Estados Unidos, que o consideram lixo espacial e v\u00e3o derrub\u00e1-lo por consider\u00e1-lo obsoleto e caro: custa mais de 10 milh\u00f5es de d\u00f3lares por ano em manuten\u00e7\u00e3o e equipe. Ele est\u00e1 virado para a Am\u00e9rica do Sul h\u00e1 dois anos por acordo internacional.\u00a0<\/p>\n<p>O coordenador do Centro de Previs\u00e3o de Tempo e Estudos Clim\u00e1ticos do INPE, Luis Augusto Machado, diz que diversas \u00e1reas v\u00e3o ser prejudicadas: as enchentes de Santa Catarina ou uma grande queimada na Amaz\u00f4nia, por exemplo, poder\u00e3o passar despercebidas.<\/p>\n<p>O meteorologista do Instituto Somar, Marcel Rocco, diz que a alternativa imediata ser\u00e1 usar outro sat\u00e9lite, o GOES 12, que tamb\u00e9m pertence aos Estados Unidos e est\u00e1 igualmente sucateado. Segundo uma fonte do governo, o Brasil foi avisado da derrubada do sat\u00e9lite h\u00e1 5 meses, manteve o assunto em sigilo e n\u00e3o adotou nenhuma provid\u00eancia.<\/p>\n<p>O ministro de Ci\u00eancia e Tecnologia, S\u00e9rgio Rezende, foi a Washington na \u00faltima sexta-feira em busca de um acordo. Os Estados Unidos disseram que um posicionamento do sat\u00e9lite GOES 12 direcionado para a Am\u00e9rica do Sul s\u00f3 ser\u00e1 poss\u00edvel em maio &#8211; at\u00e9 l\u00e1, ser\u00e3o quase 6 meses sem previs\u00e3o do tempo precisa.<\/p>\n<p>Ou\u00e7a a reportagem de Marcelo Freitas na \u00edntegra no site da BandNews FM: http:\/\/bandnewsfm.band.com.br\/conteudo.asp?ID=226701<\/p>\n","protected":false},"excerpt":{"rendered":"<p>A previs\u00e3o do tempo, hoje com 98% de acerto, pode ter a margem de efici\u00eancia reduzida a menos da metade &#8211; em torno de 45% &#8211; a partir de dezembro. Isso porque o principal sat\u00e9lite respons\u00e1vel por monitorar as condi\u00e7\u00f5es clim\u00e1ticas na Am\u00e9rica do Sul vai ser desativado. \u00a0O GOES 10 pertence aos Estados Unidos, [&hellip;]<\/p>\n","protected":false},"author":3,"featured_media":0,"comment_status":"open","ping_status":"open","sticky":false,"template":"","format":"standard","meta":{"tdm_status":"","tdm_grid_status":"","footnotes":""},"categories":[22,327],"tags":[],"class_list":{"0":"post-18187","1":"post","2":"type-post","3":"status-publish","4":"format-standard","6":"category-brasil","7":"category-clima"},"_links":{"self":[{"href":"https:\/\/migracao.redenoticia.com.br\/noticia\/wp-json\/wp\/v2\/posts\/18187","targetHints":{"allow":["GET"]}}],"collection":[{"href":"https:\/\/migracao.redenoticia.com.br\/noticia\/wp-json\/wp\/v2\/posts"}],"about":[{"href":"https:\/\/migracao.redenoticia.com.br\/noticia\/wp-json\/wp\/v2\/types\/post"}],"author":[{"embeddable":true,"href":"https:\/\/migracao.redenoticia.com.br\/noticia\/wp-json\/wp\/v2\/users\/3"}],"replies":[{"embeddable":true,"href":"https:\/\/migracao.redenoticia.com.br\/noticia\/wp-json\/wp\/v2\/comments?post=18187"}],"version-history":[{"count":0,"href":"https:\/\/migracao.redenoticia.com.br\/noticia\/wp-json\/wp\/v2\/posts\/18187\/revisions"}],"wp:attachment":[{"href":"https:\/\/migracao.redenoticia.com.br\/noticia\/wp-json\/wp\/v2\/media?parent=18187"}],"wp:term":[{"taxonomy":"category","embeddable":true,"href":"https:\/\/migracao.redenoticia.com.br\/noticia\/wp-json\/wp\/v2\/categories?post=18187"},{"taxonomy":"post_tag","embeddable":true,"href":"https:\/\/migracao.redenoticia.com.br\/noticia\/wp-json\/wp\/v2\/tags?post=18187"}],"curies":[{"name":"wp","href":"https:\/\/api.w.org\/{rel}","templated":true}]}}