{"id":181895,"date":"2019-12-31T16:01:32","date_gmt":"2019-12-31T19:01:32","guid":{"rendered":"https:\/\/www.redenoticia.com.br\/noticia\/?p=181895"},"modified":"2019-12-31T16:01:30","modified_gmt":"2019-12-31T19:01:30","slug":"resultado-mega-sena-da-virada-2220-terca-feira-31-12-2019","status":"publish","type":"post","link":"https:\/\/migracao.redenoticia.com.br\/noticia\/2019\/resultado-mega-sena-da-virada-2220-terca-feira-31-12-2019\/181895","title":{"rendered":"&#8220;Mega-Sena&#8221; da Virada 2220: resultado na \u00faltima ter\u00e7a-feira do ano, 31\/12"},"content":{"rendered":"<p><img loading=\"lazy\" decoding=\"async\" class=\"aligncenter size-large wp-image-178603\" src=\"https:\/\/migracao.redenoticia.com.br\/noticia\/imagens\/resultado-mega-sena-sorteio-300x300.jpg\" alt=\"\" width=\"300\" height=\"300\" srcset=\"https:\/\/migracao.redenoticia.com.br\/noticia\/imagens\/resultado-mega-sena-sorteio-300x300.jpg 300w, https:\/\/migracao.redenoticia.com.br\/noticia\/imagens\/resultado-mega-sena-sorteio-187x187.jpg 187w, https:\/\/migracao.redenoticia.com.br\/noticia\/imagens\/resultado-mega-sena-sorteio.jpg 587w\" sizes=\"auto, (max-width: 300px) 100vw, 300px\" \/><\/p>\n<p><em><strong>&#8220;Mega-Sena&#8221; 2220 da Virada<\/strong><\/em> em 2019: O sorteio &#8220;Mega-Sena&#8221; 2220 \u00e9 especial. O \u00faltimo sorteio de 2019, chamado de &#8220;Mega da Virada&#8221;, tem pr\u00eamio estimado em R$ 300 milh\u00f5es ou mais, e acontece na noite da ter\u00e7a-feira, 31\/12. O <em><strong>resultado<\/strong><\/em> ser\u00e1 divulgado ap\u00f3s a auditoria do sorteio e o pr\u00eamio distribu\u00eddo entre os acertadores, mediante rateio.<\/p>\n<p>N\u00e3o existindo apostas premiadas com seis n\u00fameros (sena), o pr\u00eamio ser\u00e1 rateado entre os acertadores de cinco n\u00fameros (quina).<\/p>\n<p>[xyz-ips snippet=&#8221;ResultadoMegaSena&#8221;]<\/p>\n<p>O \u00faltimo concurso da &#8220;Mega-Sena&#8221; de final 0 ou 5 de cada ano civil, que tem a denomina\u00e7\u00e3o comercial Mega da Virada, obedece regras.<\/p>\n<p>Veja o comunicado oficial: A Caixa informa que no dia 31\/12\/2019 oco rrer\u00e1 o sorteio do concurso especial n\u00ba 2.220 da Mega-Sena, denominado Mega da Virada. As vendas paralelas para o concurso especial come\u00e7am em 11\/11\/2019 e as vendas exclusivas iniciam-se em 22\/12\/2019. A estimativa do pr\u00eamio principal \u00e9 de R$ 300 milh\u00f5es e n\u00e3o acumula. Ressaltamos que os volantes da Mega da Virada atualmente em circula\u00e7\u00e3o, s\u00e3o v\u00e1lidos at\u00e9 o fim do estoque para utiliza\u00e7\u00e3o exclusiva no concurso especial, conforme consta no verso do volante em \u201cObserva\u00e7\u00e3o Importante\u201d.<\/p>\n<p>Prazo de comercializa\u00e7\u00e3o:<\/p>\n<p>Durante os meses de novembro e dezembro, com capta\u00e7\u00e3o de apostas independente e concomitante com os demais concursos da modalidade, utilizando-se de volantes espec\u00edficos (a CAIXA informar\u00e1 com anteced\u00eancia a data do in\u00edcio das vendas e o n\u00famero do concurso da Mega da Virada, que ser\u00e1 sorteado no dia 31\/12).<\/p>\n<p>Distribui\u00e7\u00e3o do valor destinado ao pagamento dos pr\u00eamios:<\/p>\n<p>62% &#8211; primeira faixa &#8211; seis acertos (sena);<\/p>\n<p>19% &#8211; segunda faixa &#8211; cinco acertos (quina);<\/p>\n<p>19% &#8211; terceira faixa &#8211; quatro acertos (quadra).<\/p>\n<p>Composi\u00e7\u00e3o da primeira faixa de premia\u00e7\u00e3o (sena):<\/p>\n<p>&#8211; 62% do percentual destinado a pr\u00eamios, de acordo com a arrecada\u00e7\u00e3o do respectivo concurso;<\/p>\n<p>&#8211; O total acumulado para o \u00faltimo concurso de final zero ou cinco do ano civil;<\/p>\n<p>&#8211; O total acumulado para o concurso de final zero ou cinco;<\/p>\n<p>&#8211; O total acumulado na primeira faixa (sena) do concurso anterior, quando houver.<\/p>\n<p>Crit\u00e9rio de acumula\u00e7\u00e3o:<\/p>\n<p>&#8211; N\u00e3o existindo apostas premiadas com seis n\u00fameros (sena), o pr\u00eamio ser\u00e1 rateado entre os acertadores de cinco n\u00fameros (quina);<\/p>\n<p>&#8211; N\u00e3o existindo apostas premiadas com seis e cinco n\u00fameros, o pr\u00eamio ser\u00e1 rateado entre os acertadores de quatro n\u00fameros (quadra);<\/p>\n<p>&#8211; N\u00e3o existindo apostas premiadas em quaisquer faixas de premia\u00e7\u00e3o, os valores acumulam para o concurso seguinte, nas respectivas faixas.<\/p>\n<p>Fonte &#8220;Mega-Sena&#8221;<\/p>\n","protected":false},"excerpt":{"rendered":"<p>&#8220;Mega-Sena&#8221; 2220 da Virada em 2019: O sorteio &#8220;Mega-Sena&#8221; 2220 \u00e9 especial. O \u00faltimo sorteio de 2019, chamado de &#8220;Mega da Virada&#8221;, tem pr\u00eamio estimado em R$ 300 milh\u00f5es ou mais, e acontece na noite da ter\u00e7a-feira, 31\/12. O resultado ser\u00e1 divulgado ap\u00f3s a auditoria do sorteio e o pr\u00eamio distribu\u00eddo entre os acertadores, mediante [&hellip;]<\/p>\n","protected":false},"author":2,"featured_media":149244,"comment_status":"open","ping_status":"closed","sticky":false,"template":"","format":"standard","meta":{"tdm_status":"","tdm_grid_status":"","footnotes":""},"categories":[22,388,335,355],"tags":[476,531],"class_list":{"0":"post-181895","1":"post","2":"type-post","3":"status-publish","4":"format-standard","5":"has-post-thumbnail","7":"category-brasil","8":"category-destaques","9":"category-loteria","10":"category-mega-sena","11":"tag-loteria","12":"tag-numeros-sorteados"},"_links":{"self":[{"href":"https:\/\/migracao.redenoticia.com.br\/noticia\/wp-json\/wp\/v2\/posts\/181895","targetHints":{"allow":["GET"]}}],"collection":[{"href":"https:\/\/migracao.redenoticia.com.br\/noticia\/wp-json\/wp\/v2\/posts"}],"about":[{"href":"https:\/\/migracao.redenoticia.com.br\/noticia\/wp-json\/wp\/v2\/types\/post"}],"author":[{"embeddable":true,"href":"https:\/\/migracao.redenoticia.com.br\/noticia\/wp-json\/wp\/v2\/users\/2"}],"replies":[{"embeddable":true,"href":"https:\/\/migracao.redenoticia.com.br\/noticia\/wp-json\/wp\/v2\/comments?post=181895"}],"version-history":[{"count":0,"href":"https:\/\/migracao.redenoticia.com.br\/noticia\/wp-json\/wp\/v2\/posts\/181895\/revisions"}],"wp:featuredmedia":[{"embeddable":true,"href":"https:\/\/migracao.redenoticia.com.br\/noticia\/wp-json\/wp\/v2\/media\/149244"}],"wp:attachment":[{"href":"https:\/\/migracao.redenoticia.com.br\/noticia\/wp-json\/wp\/v2\/media?parent=181895"}],"wp:term":[{"taxonomy":"category","embeddable":true,"href":"https:\/\/migracao.redenoticia.com.br\/noticia\/wp-json\/wp\/v2\/categories?post=181895"},{"taxonomy":"post_tag","embeddable":true,"href":"https:\/\/migracao.redenoticia.com.br\/noticia\/wp-json\/wp\/v2\/tags?post=181895"}],"curies":[{"name":"wp","href":"https:\/\/api.w.org\/{rel}","templated":true}]}}