{"id":181977,"date":"2019-09-14T19:10:33","date_gmt":"2019-09-14T22:10:33","guid":{"rendered":"https:\/\/www.redenoticia.com.br\/noticia\/?p=181977"},"modified":"2019-09-14T19:10:38","modified_gmt":"2019-09-14T22:10:38","slug":"resumo-novela-a-que-nao-podia-amar-16-09-bruno-ve-cintia-e-elias-aos-beijos","status":"publish","type":"post","link":"https:\/\/migracao.redenoticia.com.br\/noticia\/2019\/resumo-novela-a-que-nao-podia-amar-16-09-bruno-ve-cintia-e-elias-aos-beijos\/181977","title":{"rendered":"Resumo novela \u201cA Que N\u00e3o Podia Amar\u201d 16\/09: Bruno v\u00ea C\u00edntia e Elias aos beijos"},"content":{"rendered":"<p><strong><em><img loading=\"lazy\" decoding=\"async\" class=\"aligncenter size-large wp-image-173635\" src=\"https:\/\/migracao.redenoticia.com.br\/noticia\/imagens\/a-que-nao-podia-amar-400x271.jpg\" alt=\"\" width=\"400\" height=\"271\" srcset=\"https:\/\/migracao.redenoticia.com.br\/noticia\/imagens\/a-que-nao-podia-amar-400x271.jpg 400w, https:\/\/migracao.redenoticia.com.br\/noticia\/imagens\/a-que-nao-podia-amar-250x169.jpg 250w, https:\/\/migracao.redenoticia.com.br\/noticia\/imagens\/a-que-nao-podia-amar-560x379.jpg 560w, https:\/\/migracao.redenoticia.com.br\/noticia\/imagens\/a-que-nao-podia-amar.jpg 620w\" sizes=\"auto, (max-width: 400px) 100vw, 400px\" \/><\/em><\/strong><\/p>\n<p>Resumo da novela<strong><em> \u201cA Que N\u00e3o Podia Amar\u201d&nbsp;<\/em><\/strong> em 16\/09: no cap\u00edtulo 116(*) da novela, segunda-feira, 16 de setembro, Ana Paula leva Rog\u00e9rio para a Igreja, diz que diante de Deus jura que o amar\u00e1 para sempre. Bruno informa a Rosaura que est\u00e1 fazendo coisas para se proteger, ela o amea\u00e7a dizendo que nem se atreva a deix\u00e1-la de fora da jogada, mas o advogado explica que se trata de outros assuntos, mas pede que ela pense como convencer Ana Paula a aguentar a situa\u00e7\u00e3o. Ana Paula chora e diz a Rog\u00e9rio que tudo est\u00e1 pronto para o casamento no s\u00e1bado, lhe pede que n\u00e3o desperdice o grande amor que sente por ele. o fazendeiro responde que tudo est\u00e1 pronto, menos o noivo. Vanessa diz a C\u00edntia que j\u00e1 que Rog\u00e9rio aceitou ser padrinho do seu filho, agora ter\u00e3o que estar juntos, ainda que ele n\u00e3o queira. Rog\u00e9rio fica hist\u00e9rico e acusa Ana Paula de querer algu\u00e9m que possa brincar com Marquinho e dan\u00e7ar com ela como Gustavo fez, ela responde que isso n\u00e3o \u00e9 verdade.<\/p>\n<p>Gustavo conversa com Ana Paula e diz que n\u00e3o acredita que algum dia possa mudar o que sente por ela, de maneira impulsiva consegue beij\u00e1-la. Por outro lado, Bruno diz a Elias que precisa de algu\u00e9m de confian\u00e7a, e se ele aceitar ser essa pessoa, pode receber uma boa quantidade de dinheiro e deixar de suportar humilha\u00e7\u00f5es. C\u00edntia recrimina Gustavo que desde que soube da gravidez ele n\u00e3o se aproximou mais dela, ele responde que n\u00e3o quer colocar o beb\u00ea em risco. C\u00edntia fica furiosa e maldiz o fato de estar gr\u00e1vida. Ana Paula diz a Rog\u00e9rio que o maior presente que teve desde que se conheceram \u00e9 que tenha a pedido em casamento, ainda iludida Paula lhe diz que pense bem nas coisas e cumpra a promessa de se casar. Enquanto isso, C\u00edntia e Elias se beijam. Bruno v\u00ea tudo e diz a Elias que agora entende os verdadeiros motivos para ele n\u00e3o querer ir embora da fazenda.<\/p>\n<p>(*) edi\u00e7\u00e3o do SBT, Novela \u201cA Que N\u00e3o Podia Amar\u201d, sujeito a altera\u00e7\u00e3o de data e conte\u00fado.<\/p>\n<p>Destaques<\/p>\n<p>&#8220;A Que N\u00e3o Podia Amar&#8221;- Ana Paula, uma enfermeira humilde que se v\u00ea obrigada a trabalhar na casa de Rog\u00e9rio Montero (Jorge Salinas), um homem amargurado. Rog\u00e9rio sofre por ser parapl\u00e9gico e destrata todas as pessoas. Ana Paula atura tudo calada e o rica\u00e7o se apaixona por ela.<\/p>\n<p>Ana conhece Gustavo Duran (Jos\u00e9 Ron), um engenheiro nobre e trabalhador. Os dois se apaixonam, mas ter\u00e3o de enfrentar Rog\u00e9rio, j\u00e1 que ele tamb\u00e9m gosta da mocinha, formando assim, um tri\u00e2ngulo amoroso com terr\u00edveis consequ\u00eancias.<\/p>\n","protected":false},"excerpt":{"rendered":"<p>Resumo da novela \u201cA Que N\u00e3o Podia Amar\u201d&nbsp; em 16\/09: no cap\u00edtulo 116(*) da novela, segunda-feira, 16 de setembro, Ana Paula leva Rog\u00e9rio para a Igreja, diz que diante de Deus jura que o amar\u00e1 para sempre. Bruno informa a Rosaura que est\u00e1 fazendo coisas para se proteger, ela o amea\u00e7a dizendo que nem se [&hellip;]<\/p>\n","protected":false},"author":2,"featured_media":173627,"comment_status":"open","ping_status":"closed","sticky":false,"template":"","format":"standard","meta":{"tdm_status":"","tdm_grid_status":"","footnotes":""},"categories":[379,372,343],"tags":[441],"class_list":{"0":"post-181977","1":"post","2":"type-post","3":"status-publish","4":"format-standard","5":"has-post-thumbnail","7":"category-novelas","8":"category-sbt","9":"category-televisao","10":"tag-resumo-do-dia"},"_links":{"self":[{"href":"https:\/\/migracao.redenoticia.com.br\/noticia\/wp-json\/wp\/v2\/posts\/181977","targetHints":{"allow":["GET"]}}],"collection":[{"href":"https:\/\/migracao.redenoticia.com.br\/noticia\/wp-json\/wp\/v2\/posts"}],"about":[{"href":"https:\/\/migracao.redenoticia.com.br\/noticia\/wp-json\/wp\/v2\/types\/post"}],"author":[{"embeddable":true,"href":"https:\/\/migracao.redenoticia.com.br\/noticia\/wp-json\/wp\/v2\/users\/2"}],"replies":[{"embeddable":true,"href":"https:\/\/migracao.redenoticia.com.br\/noticia\/wp-json\/wp\/v2\/comments?post=181977"}],"version-history":[{"count":0,"href":"https:\/\/migracao.redenoticia.com.br\/noticia\/wp-json\/wp\/v2\/posts\/181977\/revisions"}],"wp:featuredmedia":[{"embeddable":true,"href":"https:\/\/migracao.redenoticia.com.br\/noticia\/wp-json\/wp\/v2\/media\/173627"}],"wp:attachment":[{"href":"https:\/\/migracao.redenoticia.com.br\/noticia\/wp-json\/wp\/v2\/media?parent=181977"}],"wp:term":[{"taxonomy":"category","embeddable":true,"href":"https:\/\/migracao.redenoticia.com.br\/noticia\/wp-json\/wp\/v2\/categories?post=181977"},{"taxonomy":"post_tag","embeddable":true,"href":"https:\/\/migracao.redenoticia.com.br\/noticia\/wp-json\/wp\/v2\/tags?post=181977"}],"curies":[{"name":"wp","href":"https:\/\/api.w.org\/{rel}","templated":true}]}}