{"id":182028,"date":"2019-09-16T12:56:58","date_gmt":"2019-09-16T15:56:58","guid":{"rendered":"https:\/\/www.redenoticia.com.br\/noticia\/?p=182028"},"modified":"2019-09-16T12:57:07","modified_gmt":"2019-09-16T15:57:07","slug":"resumo-novela-abismo-de-paixao-17-09-edmundo-e-carmen-se-beijam","status":"publish","type":"post","link":"https:\/\/migracao.redenoticia.com.br\/noticia\/2019\/resumo-novela-abismo-de-paixao-17-09-edmundo-e-carmen-se-beijam\/182028","title":{"rendered":"Resumo novela \u201cAbismo de Paix\u00e3o\u201d 17\/09: Edmundo e Carmen se beijam"},"content":{"rendered":"<p><img loading=\"lazy\" decoding=\"async\" class=\"aligncenter size-large wp-image-181127\" src=\"https:\/\/migracao.redenoticia.com.br\/noticia\/imagens\/abismo-de-paixao-sbt-resumo-327x300.jpg\" alt=\"\" width=\"327\" height=\"300\" srcset=\"https:\/\/migracao.redenoticia.com.br\/noticia\/imagens\/abismo-de-paixao-sbt-resumo-327x300.jpg 327w, https:\/\/migracao.redenoticia.com.br\/noticia\/imagens\/abismo-de-paixao-sbt-resumo-204x187.jpg 204w, https:\/\/migracao.redenoticia.com.br\/noticia\/imagens\/abismo-de-paixao-sbt-resumo.jpg 426w\" sizes=\"auto, (max-width: 327px) 100vw, 327px\" \/><\/p>\n<p>Resumo da novela<strong><em> \u201cAbismo de Paix\u00e3o\u201d&nbsp;<\/em><\/strong> em 17\/09: no cap\u00edtulo 016(*) da novela, ter\u00e7a-feira, 17 de setembro, Flor\u00eancia chega com tudo e entristece Elisa. Elisa diz a Dolores que Dami\u00e3o a havia dito que estava completamente apaixonado por uma amiga de inf\u00e2ncia, e ela erroneamente tinha acreditado ser ela, mais na verdade era Flor\u00eancia, com quem ele tinha amizade quando ia a capital. Almerinda diz a Flor\u00eancia que far\u00e1 uma grande festa para anunciar o compromisso entre ela e seu filho. Carmen tenta seduzir Augusto e ele a rejeita. Carmen o diz que ele ir\u00e1 se arrepender. Dami\u00e3o n\u00e3o consegue esconder a antipatia que sentiu pelo tio de Flor\u00eancia, ainda mais quando este tece um coment\u00e1rio dizendo que as garotas do povoado s\u00e3o muito oferecidas.<\/p>\n<p>Dami\u00e3o imediatamente diz que na verdade as garotas do povoado s\u00e3o t\u00e3o ou mais reservadas que as da capital. Dami\u00e3o procura Elisa para que ela o explique porque foi embora de sua casa sem se despedir. Elisa o responde que se retirou por n\u00e3o querer ser inoportuna. Augusto vai ver Dami\u00e3o e o adverte que n\u00e3o quer mais que ele procure por Elisa, pois do contr\u00e1rio, ir\u00e1 se arrepender. Elisa diz a seu pai que n\u00e3o precisava ser grosseiro com Dami\u00e3o, pois assim ele est\u00e1 se portando como Almerinda. Augusto insiste dizendo que se ela voltar a ver Dami\u00e3o, tomar\u00e1 medidas r\u00edgidas das quais n\u00e3o vai gostar.<\/p>\n<p>Ramiro conta a Almerinda sua vers\u00e3o do incidente que teve com Lucio, o qual Dami\u00e3o saiu em defesa do senhor. Almerinda diz que Dami\u00e3o \u00e9 um Arango, e tem todo o direito de ser a cabe\u00e7a da processadora. Gael e Elisa andam a cavalo e se encontram com Flor\u00eancia e Dami\u00e3o, que est\u00e3o caminhando. Dami\u00e3o pede que os leve at\u00e9 o povoado e diz a Gael que leve Flor\u00eancia, pois ele ir\u00e1 com Elisa. Gael n\u00e3o concorda e prop\u00f5e que Flor\u00eancia v\u00e1 com Elisa, e ele com o pr\u00f3prio Dami\u00e3o. Carmen vai queixar se com Edmundo que sua vida ao lado de Augusto \u00e9 um inferno, que ele a maltrata sempre e sem nenhum motivo. Edmundo e Carmen se beijam.<\/p>\n<p>(*) edi\u00e7\u00e3o do SBT, Novela \u201cAbismo de Paix\u00e3o\u201d, sujeito a altera\u00e7\u00e3o de data e conte\u00fado.<\/p>\n<p>&#8220;Abismo de Paix\u00e3o&#8221;- Augusto Casta\u00f1\u00f3n (Alejandro Camacho) e Estef\u00e2nia Bouvier de Casta\u00f1\u00f3n (Ludwika Paleta) s\u00e3o pais de Elisa (Angelique Boyer). Com eles vive Carmen Bouvier (Sabine Moussier), irm\u00e3 mais velha de Estef\u00e2nia e que vai fugir do povoado com Rog\u00e9rio Arango (C\u00e9sar \u00c9vora), esposo de Almerinda Arango (Blanca Guerra) e pai de Dami\u00e3o (David Zepeda), melhor amigo de Elisa. Almerinda descobre e alerta a Augusto.<\/p>\n<p>Por sua parte, Estef\u00e2nia tenta impedir Rog\u00e9rio a n\u00e3o abandonar sua fam\u00edlia, mas devido ao intemp\u00e9rie da chuva, ambos morrem em um acidente de carro. Carmem aproveita o fato para fazer Augusto acreditar que sua esposa era infiel. Augusto, por despeito, casa-se com Carmem, apesar de n\u00e3o estar apaixonado por ela e nem am\u00e1-la. Carmem est\u00e1 gr\u00e1vida de Rog\u00e9rio, mas mente para Augusto, dizendo que o filho \u00e9 dele. Querendo bater em Elisa, Carmem escorrega e cai na piscina da casa, causando morte s\u00fabita ao beb\u00ea. Por sua parte, Almerinda decide mandar a Dami\u00e3o para fora do povoado a estudar para separ\u00e1-lo de Elisa de quem \u00e9 muito amigo, amizade que ela n\u00e3o v\u00ea com bons olhos, ap\u00f3s inocentemente os dois fugirem juntos.<\/p>\n","protected":false},"excerpt":{"rendered":"<p>Resumo da novela \u201cAbismo de Paix\u00e3o\u201d&nbsp; em 17\/09: no cap\u00edtulo 016(*) da novela, ter\u00e7a-feira, 17 de setembro, Flor\u00eancia chega com tudo e entristece Elisa. Elisa diz a Dolores que Dami\u00e3o a havia dito que estava completamente apaixonado por uma amiga de inf\u00e2ncia, e ela erroneamente tinha acreditado ser ela, mais na verdade era Flor\u00eancia, com [&hellip;]<\/p>\n","protected":false},"author":4,"featured_media":181126,"comment_status":"open","ping_status":"closed","sticky":false,"template":"","format":"standard","meta":{"tdm_status":"","tdm_grid_status":"","footnotes":""},"categories":[379,372,343],"tags":[441],"class_list":{"0":"post-182028","1":"post","2":"type-post","3":"status-publish","4":"format-standard","5":"has-post-thumbnail","7":"category-novelas","8":"category-sbt","9":"category-televisao","10":"tag-resumo-do-dia"},"_links":{"self":[{"href":"https:\/\/migracao.redenoticia.com.br\/noticia\/wp-json\/wp\/v2\/posts\/182028","targetHints":{"allow":["GET"]}}],"collection":[{"href":"https:\/\/migracao.redenoticia.com.br\/noticia\/wp-json\/wp\/v2\/posts"}],"about":[{"href":"https:\/\/migracao.redenoticia.com.br\/noticia\/wp-json\/wp\/v2\/types\/post"}],"author":[{"embeddable":true,"href":"https:\/\/migracao.redenoticia.com.br\/noticia\/wp-json\/wp\/v2\/users\/4"}],"replies":[{"embeddable":true,"href":"https:\/\/migracao.redenoticia.com.br\/noticia\/wp-json\/wp\/v2\/comments?post=182028"}],"version-history":[{"count":0,"href":"https:\/\/migracao.redenoticia.com.br\/noticia\/wp-json\/wp\/v2\/posts\/182028\/revisions"}],"wp:featuredmedia":[{"embeddable":true,"href":"https:\/\/migracao.redenoticia.com.br\/noticia\/wp-json\/wp\/v2\/media\/181126"}],"wp:attachment":[{"href":"https:\/\/migracao.redenoticia.com.br\/noticia\/wp-json\/wp\/v2\/media?parent=182028"}],"wp:term":[{"taxonomy":"category","embeddable":true,"href":"https:\/\/migracao.redenoticia.com.br\/noticia\/wp-json\/wp\/v2\/categories?post=182028"},{"taxonomy":"post_tag","embeddable":true,"href":"https:\/\/migracao.redenoticia.com.br\/noticia\/wp-json\/wp\/v2\/tags?post=182028"}],"curies":[{"name":"wp","href":"https:\/\/api.w.org\/{rel}","templated":true}]}}