{"id":182032,"date":"2019-09-16T12:59:35","date_gmt":"2019-09-16T15:59:35","guid":{"rendered":"https:\/\/www.redenoticia.com.br\/noticia\/?p=182032"},"modified":"2019-09-16T12:59:41","modified_gmt":"2019-09-16T15:59:41","slug":"resumo-novela-as-aventuras-de-poliana-17-09-marcelo-pede-luisa-em-casamento","status":"publish","type":"post","link":"https:\/\/migracao.redenoticia.com.br\/noticia\/2019\/resumo-novela-as-aventuras-de-poliana-17-09-marcelo-pede-luisa-em-casamento\/182032","title":{"rendered":"Resumo novela \u201cAs Aventuras de Poliana\u201d 17\/09: Marcelo pede Lu\u00edsa em casamento"},"content":{"rendered":"<p><strong><em><img loading=\"lazy\" decoding=\"async\" class=\"aligncenter size-large wp-image-148662\" src=\"https:\/\/migracao.redenoticia.com.br\/noticia\/imagens\/as-aventuras-de-poliana-novela-400x267.jpg\" alt=\"\" width=\"400\" height=\"267\" srcset=\"https:\/\/migracao.redenoticia.com.br\/noticia\/imagens\/as-aventuras-de-poliana-novela-400x267.jpg 400w, https:\/\/migracao.redenoticia.com.br\/noticia\/imagens\/as-aventuras-de-poliana-novela-250x167.jpg 250w, https:\/\/migracao.redenoticia.com.br\/noticia\/imagens\/as-aventuras-de-poliana-novela-150x100.jpg 150w, https:\/\/migracao.redenoticia.com.br\/noticia\/imagens\/as-aventuras-de-poliana-novela.jpg 600w\" sizes=\"auto, (max-width: 400px) 100vw, 400px\" \/>Resumo novela \u201cAs Aventuras de Poliana\u201d 17\/09<\/em><\/strong>: no cap\u00edtulo 350(*) da novela, resumo de ter\u00e7a-feira, 17 de setembro, Luisa exp\u00f5e sua situa\u00e7\u00e3o financeira para Marcelo. Chega o dia do casamento de D\u00e9bora e Afonso. A not\u00edcia da pris\u00e3o de Falc\u00e3o se espalha. Presos na mesma cela, Rato e Falc\u00e3o brigam entre si. Marcelo oferece ajuda financeira para Luisa. Ao entrar na igreja, D\u00e9bora surpreende a todos com uma atitude inesperada.<\/p>\n<p>As crian\u00e7as do Clubinho acreditam que a menina que viram na casa de Pendleton \u00e9 uma fantasma e tentam se comunicar com ela. Luigi faz uma sess\u00e3o de cinema com seus amigos para exibir sua produ\u00e7\u00e3o amadora. Ap\u00f3s o sucesso da primeira live, Mirela decide fazer mais transmiss\u00f5es mostrando sua rotina no s\u00edtio. Marcelo decide dar o pr\u00f3ximo passo em sua rela\u00e7\u00e3o com Luisa, e a pede em casamento. Durante uma discuss\u00e3o, Jo\u00e3o acaba contando para Bento que Ruth n\u00e3o \u00e9 sua verdadeira tia e o menino vai confrontar a tia.<\/p>\n<p>(*) edi\u00e7\u00e3o do SBT, Novela \u201cAs Aventuras de Poliana\u201d, sujeito a altera\u00e7\u00e3o de data e conte\u00fado.<\/p>\n<p>Poliana \u00e9 uma menina extrovertida e de bom cora\u00e7\u00e3o que viajava o Brasil com seus pais, Lorenzo e Alice, no grupo circense Trupe Vagalume. Aos onze anos a garota v\u00ea seu mundo desabar quando seus pais falecem e ela tem que ir morar em S\u00e3o Paulo com sua tia Lu\u00edsa, uma mulher rica e severa, a qual ela n\u00e3o conhecia e que n\u00e3o queria cuidar dela, embora sinta que \u00e9 sua obriga\u00e7\u00e3o pela alma de sua irm\u00e3. Apesar do jeito da rigidez da tia, Poliana decide ter uma vis\u00e3o positiva e inabal\u00e1vel da vida, mesmo nos momentos de dificuldade, tentando levar um pouco de felicidade para a vida de cada um dos seus novos amigos e vizinhos, como o Sr. Pendleton, um homem rico e infeliz por nunca ter tido filhos. Ela vai estudar no col\u00e9gio de Ruth, uma diretora de bom cora\u00e7\u00e3o que a ajuda a se adaptar, mas tem que lidar com as vilanias de Mirela, garota mais velha que n\u00e3o aceita perder a popularidade para uma novata.<\/p>\n","protected":false},"excerpt":{"rendered":"<p>Resumo novela \u201cAs Aventuras de Poliana\u201d 17\/09: no cap\u00edtulo 350(*) da novela, resumo de ter\u00e7a-feira, 17 de setembro, Luisa exp\u00f5e sua situa\u00e7\u00e3o financeira para Marcelo. Chega o dia do casamento de D\u00e9bora e Afonso. A not\u00edcia da pris\u00e3o de Falc\u00e3o se espalha. Presos na mesma cela, Rato e Falc\u00e3o brigam entre si. Marcelo oferece ajuda [&hellip;]<\/p>\n","protected":false},"author":4,"featured_media":148663,"comment_status":"open","ping_status":"closed","sticky":false,"template":"","format":"standard","meta":{"tdm_status":"","tdm_grid_status":"","footnotes":""},"categories":[477,379,372,343],"tags":[441],"class_list":{"0":"post-182032","1":"post","2":"type-post","3":"status-publish","4":"format-standard","5":"has-post-thumbnail","7":"category-as-aventuras-de-poliana","8":"category-novelas","9":"category-sbt","10":"category-televisao","11":"tag-resumo-do-dia"},"_links":{"self":[{"href":"https:\/\/migracao.redenoticia.com.br\/noticia\/wp-json\/wp\/v2\/posts\/182032","targetHints":{"allow":["GET"]}}],"collection":[{"href":"https:\/\/migracao.redenoticia.com.br\/noticia\/wp-json\/wp\/v2\/posts"}],"about":[{"href":"https:\/\/migracao.redenoticia.com.br\/noticia\/wp-json\/wp\/v2\/types\/post"}],"author":[{"embeddable":true,"href":"https:\/\/migracao.redenoticia.com.br\/noticia\/wp-json\/wp\/v2\/users\/4"}],"replies":[{"embeddable":true,"href":"https:\/\/migracao.redenoticia.com.br\/noticia\/wp-json\/wp\/v2\/comments?post=182032"}],"version-history":[{"count":0,"href":"https:\/\/migracao.redenoticia.com.br\/noticia\/wp-json\/wp\/v2\/posts\/182032\/revisions"}],"wp:featuredmedia":[{"embeddable":true,"href":"https:\/\/migracao.redenoticia.com.br\/noticia\/wp-json\/wp\/v2\/media\/148663"}],"wp:attachment":[{"href":"https:\/\/migracao.redenoticia.com.br\/noticia\/wp-json\/wp\/v2\/media?parent=182032"}],"wp:term":[{"taxonomy":"category","embeddable":true,"href":"https:\/\/migracao.redenoticia.com.br\/noticia\/wp-json\/wp\/v2\/categories?post=182032"},{"taxonomy":"post_tag","embeddable":true,"href":"https:\/\/migracao.redenoticia.com.br\/noticia\/wp-json\/wp\/v2\/tags?post=182032"}],"curies":[{"name":"wp","href":"https:\/\/api.w.org\/{rel}","templated":true}]}}