{"id":182054,"date":"2019-10-01T23:13:39","date_gmt":"2019-10-02T02:13:39","guid":{"rendered":"https:\/\/www.redenoticia.com.br\/noticia\/?p=182054"},"modified":"2019-10-01T23:43:08","modified_gmt":"2019-10-02T02:43:08","slug":"novela-a-dona-do-pedaco-maria-recebe-a-visita-de-cobradores","status":"publish","type":"post","link":"https:\/\/migracao.redenoticia.com.br\/noticia\/2019\/novela-a-dona-do-pedaco-maria-recebe-a-visita-de-cobradores\/182054","title":{"rendered":"Novela \u201cA Dona do Peda\u00e7o\u201d: Maria recebe a visita de cobradores"},"content":{"rendered":"<p><img loading=\"lazy\" decoding=\"async\" class=\"aligncenter size-large wp-image-175348\" src=\"https:\/\/migracao.redenoticia.com.br\/noticia\/imagens\/A-Dona-do-Pedaco-globo-resumo-314x300.jpg\" alt=\"\" width=\"314\" height=\"300\" srcset=\"https:\/\/migracao.redenoticia.com.br\/noticia\/imagens\/A-Dona-do-Pedaco-globo-resumo-314x300.jpg 314w, https:\/\/migracao.redenoticia.com.br\/noticia\/imagens\/A-Dona-do-Pedaco-globo-resumo-196x187.jpg 196w, https:\/\/migracao.redenoticia.com.br\/noticia\/imagens\/A-Dona-do-Pedaco-globo-resumo.jpg 457w\" sizes=\"auto, (max-width: 314px) 100vw, 314px\" \/><\/p>\n<p><strong><em>Novela &#8220;A Dona do Peda\u00e7o\u201d:<\/em><\/strong> Maria da Paz consegue abrir uma pequena confeitaria. Fabiana (Nathalia Dill) fica furiosa e descobre que Maria da Paz (Juliana Paes) tem um empr\u00e9stimo pessoal que n\u00e3o foi pago. Sueli (Samira Lotcher) comenta: \u201cAquela confeitaria, ainda no come\u00e7o, n\u00e3o vai dar dinheiro pra pagar tanta d\u00edvida. Eu sei que eram d\u00edvidas pesadas\u201d. Fabiana come\u00e7a a perguntar para os funcion\u00e1rios sobre a institui\u00e7\u00e3o financeira que fez o empr\u00e9stimo e M\u00e1rcio (Anderson Di Rizzi) conta para Maria da Paz.<\/p>\n<p>Amadeu (Marcos Palmeira) afirma que ela pode perder seu pequeno neg\u00f3cio: \u201cMas n\u00e3o podem chegar e tomar, levar. Tem que ter um processo, uma cobran\u00e7a judicial, um processo de penhora dos bens\u201d. M\u00e1rcio, Z\u00e9 H\u00e9lio (Bruno Bevan) e Sueli decidem manter segredo e Fabiana procura Josiane (Agatha Moreira) no corti\u00e7o. Fabiana explica: \u201cSe me ajudar, eu fa\u00e7o chegar a hora da sua m\u00e3e. Ela merece, voc\u00ea sabe que ela merece\u201d.<\/p>\n<p>Josiane conta os detalhes para Fabiana, que denuncia a boleira. Os cobradores aparecem na nova confeitaria de Maria. Cena prevista para dia 07 de outubro na novela \u201cA Dona do Peda\u00e7o\u201d.<\/p>\n<p>Sinopse \u201cA Dona do Peda\u00e7o\u201d: a novela enaltece a trajet\u00f3ria de Maria da Paz (Juliana Paes), uma jovem humilde, da cidade fict\u00edcia de Rio Vermelho, no Esp\u00edrito Santo. Maria vem de uma fam\u00edlia de justiceiros profissionais, os Ramirez, e se apaixona justamente por Amadeu (Marcos Palmeira), advogado formado em Vit\u00f3ria e membro do cl\u00e3 rival nos neg\u00f3cios, os Matheus. A trama, dividida em um pr\u00f3logo e duas fases, traz uma hist\u00f3ria de amor com elementos \u00e0 Romeu e Julieta, sem perder o humor, que permeia todo o folhetim.<\/p>\n","protected":false},"excerpt":{"rendered":"<p>Novela &#8220;A Dona do Peda\u00e7o\u201d: Maria da Paz consegue abrir uma pequena confeitaria. Fabiana (Nathalia Dill) fica furiosa e descobre que Maria da Paz (Juliana Paes) tem um empr\u00e9stimo pessoal que n\u00e3o foi pago. Sueli (Samira Lotcher) comenta: \u201cAquela confeitaria, ainda no come\u00e7o, n\u00e3o vai dar dinheiro pra pagar tanta d\u00edvida. Eu sei que eram [&hellip;]<\/p>\n","protected":false},"author":2,"featured_media":175347,"comment_status":"open","ping_status":"closed","sticky":false,"template":"","format":"standard","meta":{"tdm_status":"","tdm_grid_status":"","footnotes":""},"categories":[543,379,375,343],"tags":[440],"class_list":{"0":"post-182054","1":"post","2":"type-post","3":"status-publish","4":"format-standard","5":"has-post-thumbnail","7":"category-a-dona-do-pedaco","8":"category-novelas","9":"category-rede-globo","10":"category-televisao","11":"tag-noticia-novela"},"_links":{"self":[{"href":"https:\/\/migracao.redenoticia.com.br\/noticia\/wp-json\/wp\/v2\/posts\/182054","targetHints":{"allow":["GET"]}}],"collection":[{"href":"https:\/\/migracao.redenoticia.com.br\/noticia\/wp-json\/wp\/v2\/posts"}],"about":[{"href":"https:\/\/migracao.redenoticia.com.br\/noticia\/wp-json\/wp\/v2\/types\/post"}],"author":[{"embeddable":true,"href":"https:\/\/migracao.redenoticia.com.br\/noticia\/wp-json\/wp\/v2\/users\/2"}],"replies":[{"embeddable":true,"href":"https:\/\/migracao.redenoticia.com.br\/noticia\/wp-json\/wp\/v2\/comments?post=182054"}],"version-history":[{"count":0,"href":"https:\/\/migracao.redenoticia.com.br\/noticia\/wp-json\/wp\/v2\/posts\/182054\/revisions"}],"wp:featuredmedia":[{"embeddable":true,"href":"https:\/\/migracao.redenoticia.com.br\/noticia\/wp-json\/wp\/v2\/media\/175347"}],"wp:attachment":[{"href":"https:\/\/migracao.redenoticia.com.br\/noticia\/wp-json\/wp\/v2\/media?parent=182054"}],"wp:term":[{"taxonomy":"category","embeddable":true,"href":"https:\/\/migracao.redenoticia.com.br\/noticia\/wp-json\/wp\/v2\/categories?post=182054"},{"taxonomy":"post_tag","embeddable":true,"href":"https:\/\/migracao.redenoticia.com.br\/noticia\/wp-json\/wp\/v2\/tags?post=182054"}],"curies":[{"name":"wp","href":"https:\/\/api.w.org\/{rel}","templated":true}]}}