{"id":182055,"date":"2019-10-03T22:41:43","date_gmt":"2019-10-04T01:41:43","guid":{"rendered":"https:\/\/www.redenoticia.com.br\/noticia\/?p=182055"},"modified":"2019-10-03T22:54:29","modified_gmt":"2019-10-04T01:54:29","slug":"novela-a-dona-do-pedaco-maria-comemora-o-divorcio-com-amadeu-e-o-beija","status":"publish","type":"post","link":"https:\/\/migracao.redenoticia.com.br\/noticia\/2019\/novela-a-dona-do-pedaco-maria-comemora-o-divorcio-com-amadeu-e-o-beija\/182055","title":{"rendered":"Novela \u201cA Dona do Peda\u00e7o\u201d: Maria comemora o div\u00f3rcio  com Amadeu e o beija"},"content":{"rendered":"<p><img loading=\"lazy\" decoding=\"async\" class=\"aligncenter size-large wp-image-175347\" src=\"https:\/\/migracao.redenoticia.com.br\/noticia\/imagens\/A-Dona-do-Pedaco-globo-261x300.jpg\" alt=\"\" width=\"261\" height=\"300\" srcset=\"https:\/\/migracao.redenoticia.com.br\/noticia\/imagens\/A-Dona-do-Pedaco-globo-261x300.jpg 261w, https:\/\/migracao.redenoticia.com.br\/noticia\/imagens\/A-Dona-do-Pedaco-globo-163x187.jpg 163w, https:\/\/migracao.redenoticia.com.br\/noticia\/imagens\/A-Dona-do-Pedaco-globo.jpg 600w\" sizes=\"auto, (max-width: 261px) 100vw, 261px\" \/><\/p>\n<p><strong><em>Novela &#8220;A Dona do Peda\u00e7o\u201d:<\/em><\/strong> R\u00e9gis (Reynaldo Gianecchini) \u00e9 investigado pelos assassinatos de Jardel (Duio Botta) e Lucas (Kainan Ferraz). Enquanto isso, Antero (Ary Fontoura) pede Evelina (N\u00edvea Maria) em casamento, Maria da Paz (Juliana Paes) retoma sua vida e monta uma nova confeitaria. Maria manda R\u00e9gis assinar o div\u00f3rcio e ele, contrariado, atende ao desejo da mulher.<\/p>\n<p>Maria e Amadeu (Marcos Palmeira) comemoram o div\u00f3rcio com um jantar na casa de Antero e Maria comenta: &#8220;Eu fico feliz por minha m\u00e3e. Ela tem ficado com o doutor Antero a maior parte do tempo. \u00c9&#8230; O velho n\u00e3o \u00e9 bobo, n\u00e3o. Eu s\u00f3 fico triste pela Marlene. Ela tinha certeza que ia casar com ele&#8221;. Amadeu pergunta: &#8220;A vida surpreende. E n\u00f3s, Maria da Paz? Agora voc\u00ea t\u00e1 totalmente livre. E eu&#8230; Tamb\u00e9m estou sozinho, a gente pode recome\u00e7ar &#8230; Eu te amo, Maria da Paz&#8221;. Eles se beijam, mas Maria diz que teme a rea\u00e7\u00e3o de Carlito (Jo\u00e3o Gabriel D&#8217;Aleluia) e pede que eles retomem a rela\u00e7\u00e3o com calma.<\/p>\n<p>Depois, ela fala com Marlene e confessa: &#8220;Assinei o div\u00f3rcio com o R\u00e9gis. Ele n\u00e3o queria assinar. Quando vi a cara dele, t\u00e3o triste&#8230; Ele tava arrasado, quase n\u00e3o assinei. Depois lembrei de tudo que ele aprontou e assinei com decis\u00e3o&#8221;. Cena prevista para dia 10 de outubro na novela \u201cA Dona do Peda\u00e7o\u201d.<\/p>\n<p>Sinopse \u201cA Dona do Peda\u00e7o\u201d: a novela enaltece a trajet\u00f3ria de Maria da Paz (Juliana Paes), uma jovem humilde, da cidade fict\u00edcia de Rio Vermelho, no Esp\u00edrito Santo. Maria vem de uma fam\u00edlia de justiceiros profissionais, os Ramirez, e se apaixona justamente por Amadeu (Marcos Palmeira), advogado formado em Vit\u00f3ria e membro do cl\u00e3 rival nos neg\u00f3cios, os Matheus. A trama, dividida em um pr\u00f3logo e duas fases, traz uma hist\u00f3ria de amor com elementos \u00e0 Romeu e Julieta, sem perder o humor, que permeia todo o folhetim.<\/p>\n","protected":false},"excerpt":{"rendered":"<p>Novela &#8220;A Dona do Peda\u00e7o\u201d: R\u00e9gis (Reynaldo Gianecchini) \u00e9 investigado pelos assassinatos de Jardel (Duio Botta) e Lucas (Kainan Ferraz). Enquanto isso, Antero (Ary Fontoura) pede Evelina (N\u00edvea Maria) em casamento, Maria da Paz (Juliana Paes) retoma sua vida e monta uma nova confeitaria. Maria manda R\u00e9gis assinar o div\u00f3rcio e ele, contrariado, atende ao [&hellip;]<\/p>\n","protected":false},"author":2,"featured_media":176735,"comment_status":"open","ping_status":"closed","sticky":false,"template":"","format":"standard","meta":{"tdm_status":"","tdm_grid_status":"","footnotes":""},"categories":[543,379,375,343],"tags":[440],"class_list":{"0":"post-182055","1":"post","2":"type-post","3":"status-publish","4":"format-standard","5":"has-post-thumbnail","7":"category-a-dona-do-pedaco","8":"category-novelas","9":"category-rede-globo","10":"category-televisao","11":"tag-noticia-novela"},"_links":{"self":[{"href":"https:\/\/migracao.redenoticia.com.br\/noticia\/wp-json\/wp\/v2\/posts\/182055","targetHints":{"allow":["GET"]}}],"collection":[{"href":"https:\/\/migracao.redenoticia.com.br\/noticia\/wp-json\/wp\/v2\/posts"}],"about":[{"href":"https:\/\/migracao.redenoticia.com.br\/noticia\/wp-json\/wp\/v2\/types\/post"}],"author":[{"embeddable":true,"href":"https:\/\/migracao.redenoticia.com.br\/noticia\/wp-json\/wp\/v2\/users\/2"}],"replies":[{"embeddable":true,"href":"https:\/\/migracao.redenoticia.com.br\/noticia\/wp-json\/wp\/v2\/comments?post=182055"}],"version-history":[{"count":0,"href":"https:\/\/migracao.redenoticia.com.br\/noticia\/wp-json\/wp\/v2\/posts\/182055\/revisions"}],"wp:featuredmedia":[{"embeddable":true,"href":"https:\/\/migracao.redenoticia.com.br\/noticia\/wp-json\/wp\/v2\/media\/176735"}],"wp:attachment":[{"href":"https:\/\/migracao.redenoticia.com.br\/noticia\/wp-json\/wp\/v2\/media?parent=182055"}],"wp:term":[{"taxonomy":"category","embeddable":true,"href":"https:\/\/migracao.redenoticia.com.br\/noticia\/wp-json\/wp\/v2\/categories?post=182055"},{"taxonomy":"post_tag","embeddable":true,"href":"https:\/\/migracao.redenoticia.com.br\/noticia\/wp-json\/wp\/v2\/tags?post=182055"}],"curies":[{"name":"wp","href":"https:\/\/api.w.org\/{rel}","templated":true}]}}