{"id":182082,"date":"2019-09-17T12:49:43","date_gmt":"2019-09-17T15:49:43","guid":{"rendered":"https:\/\/www.redenoticia.com.br\/noticia\/?p=182082"},"modified":"2019-09-17T12:49:49","modified_gmt":"2019-09-17T15:49:49","slug":"resumo-novela-abismo-de-paixao-18-09-augusto-expulsa-elisa-de-sua-casa","status":"publish","type":"post","link":"https:\/\/migracao.redenoticia.com.br\/noticia\/2019\/resumo-novela-abismo-de-paixao-18-09-augusto-expulsa-elisa-de-sua-casa\/182082","title":{"rendered":"Resumo novela \u201cAbismo de Paix\u00e3o\u201d 18\/09: Augusto expulsa Elisa de sua casa"},"content":{"rendered":"<p><img loading=\"lazy\" decoding=\"async\" class=\"aligncenter size-large wp-image-181127\" src=\"https:\/\/migracao.redenoticia.com.br\/noticia\/imagens\/abismo-de-paixao-sbt-resumo-327x300.jpg\" alt=\"\" width=\"327\" height=\"300\" srcset=\"https:\/\/migracao.redenoticia.com.br\/noticia\/imagens\/abismo-de-paixao-sbt-resumo-327x300.jpg 327w, https:\/\/migracao.redenoticia.com.br\/noticia\/imagens\/abismo-de-paixao-sbt-resumo-204x187.jpg 204w, https:\/\/migracao.redenoticia.com.br\/noticia\/imagens\/abismo-de-paixao-sbt-resumo.jpg 426w\" sizes=\"auto, (max-width: 327px) 100vw, 327px\" \/><br \/>\nResumo da novela<strong><em> \u201cAbismo de Paix\u00e3o\u201d&nbsp;<\/em><\/strong> em 18\/09: no cap\u00edtulo 017(*) da novela, quarta-feira, 18 de setembro, Edmundo e Carmen se beijam. Ela se finge arrependida e sai correndo. Flor\u00eancia diz a Almerinda que a caminhonete em que vinha com Dami\u00e3o quebrou, ent\u00e3o eles vieram com Elisa e Gael a cavalo. Augusto recrimina Gael por n\u00e3o estar fazendo corretamente seu trabalho. Gael responde que est\u00e1 fazendo o que pode para ajud\u00e1-lo a n\u00e3o afundar ainda mais. Gael diz que ele precisa deixar de lado o orgulho e aceitar cultivar as terras de Elisa. Eles discutem e Augusto diz a Gael que se ele n\u00e3o est\u00e1 satisfeito deve procurar outro trabalho. Gael responde que levar\u00e1 em considera\u00e7\u00e3o essas palavras. Flor\u00eancia pede a Sabrina que a conte sobre os amigos de Dami\u00e3o, principalmente sobre Elisa.<\/p>\n<p>Sabrina conta tudo, inclusive que Elisa e Dami\u00e3o eram namorados e chegaram at\u00e9 a fugirem juntos na inf\u00e2ncia. Dami\u00e3o ouve a conversa e pede a Sabrina que respeite Elisa. Ele diz que eles nunca foram namorados, at\u00e9 porque eram apenas crian\u00e7as, e s\u00f3 fugiram juntos porque tinham problemas com suas respectivas fam\u00edlias. Paulo diz a Elisa que, custe o que custar, ela ainda ser\u00e1 dele. Elisa, assustada, diz que nem sabe quem ele \u00e9, mas que certamente est\u00e1 louco. Paulo ent\u00e3o se desculpa e se apresenta a ela. Elisa responde que n\u00e3o a interessa quem ele \u00e9, apenas quer que a deixe em paz.<\/p>\n<p>Elisa diz a Ramona que Paulo acreditava que com umas poucas palavras bonitas a teria nas m\u00e3os. Ramona responde que a culpa \u00e9 dela, por ser t\u00e3o linda como sua m\u00e3e. Elisa pergunta se \u00e9 por isso que falam t\u00e3o mal de sua m\u00e3e. Ramona responde que ela n\u00e3o \u00e9 culpada de nada do que falam, mas cedo ou tarde a verdade vir\u00e1 \u00e0 tona. Dami\u00e3o convida Gael a sua festa de compromisso com Flor\u00eancia e diz que n\u00e3o entende porque ele o trata t\u00e3o mal, j\u00e1 que cresceram juntos e eram os melhores amigos.<\/p>\n<p>Gael agradece o convite, mas diz a Dami\u00e3o que a Almerinda n\u00e3o agradaria sua presen\u00e7a. Gael fala das cartas nunca respondidas e Dami\u00e3o garante que nunca as recebeu. Eles ent\u00e3o se abra\u00e7am com carinho. Augusto expulsa Elisa de sua casa. Dami\u00e3o a encontra chorando e pede que confie nele. Elisa o abra\u00e7a, chorando, e diz que est\u00e1 cansada de sofrer, e isso vem desde que sua m\u00e3e morreu. Flor\u00eancia, furiosa, presencia a cena de Dami\u00e3o e Elisa abra\u00e7ados.<\/p>\n<p>(*) edi\u00e7\u00e3o do SBT, Novela \u201cAbismo de Paix\u00e3o\u201d, sujeito a altera\u00e7\u00e3o de data e conte\u00fado.<\/p>\n<p>&#8220;Abismo de Paix\u00e3o&#8221;- Augusto Casta\u00f1\u00f3n (Alejandro Camacho) e Estef\u00e2nia Bouvier de Casta\u00f1\u00f3n (Ludwika Paleta) s\u00e3o pais de Elisa (Angelique Boyer). Com eles vive Carmen Bouvier (Sabine Moussier), irm\u00e3 mais velha de Estef\u00e2nia e que vai fugir do povoado com Rog\u00e9rio Arango (C\u00e9sar \u00c9vora), esposo de Almerinda Arango (Blanca Guerra) e pai de Dami\u00e3o (David Zepeda), melhor amigo de Elisa. Almerinda descobre e alerta a Augusto.<\/p>\n<p>Por sua parte, Estef\u00e2nia tenta impedir Rog\u00e9rio a n\u00e3o abandonar sua fam\u00edlia, mas devido ao intemp\u00e9rie da chuva, ambos morrem em um acidente de carro. Carmem aproveita o fato para fazer Augusto acreditar que sua esposa era infiel. Augusto, por despeito, casa-se com Carmem, apesar de n\u00e3o estar apaixonado por ela e nem am\u00e1-la. Carmem est\u00e1 gr\u00e1vida de Rog\u00e9rio, mas mente para Augusto, dizendo que o filho \u00e9 dele. Querendo bater em Elisa, Carmem escorrega e cai na piscina da casa, causando morte s\u00fabita ao beb\u00ea. Por sua parte, Almerinda decide mandar a Dami\u00e3o para fora do povoado a estudar para separ\u00e1-lo de Elisa de quem \u00e9 muito amigo, amizade que ela n\u00e3o v\u00ea com bons olhos, ap\u00f3s inocentemente os dois fugirem juntos.<\/p>\n","protected":false},"excerpt":{"rendered":"<p>Resumo da novela \u201cAbismo de Paix\u00e3o\u201d&nbsp; em 18\/09: no cap\u00edtulo 017(*) da novela, quarta-feira, 18 de setembro, Edmundo e Carmen se beijam. Ela se finge arrependida e sai correndo. Flor\u00eancia diz a Almerinda que a caminhonete em que vinha com Dami\u00e3o quebrou, ent\u00e3o eles vieram com Elisa e Gael a cavalo. Augusto recrimina Gael por [&hellip;]<\/p>\n","protected":false},"author":4,"featured_media":181126,"comment_status":"open","ping_status":"closed","sticky":false,"template":"","format":"standard","meta":{"tdm_status":"","tdm_grid_status":"","footnotes":""},"categories":[379,372,343],"tags":[441],"class_list":{"0":"post-182082","1":"post","2":"type-post","3":"status-publish","4":"format-standard","5":"has-post-thumbnail","7":"category-novelas","8":"category-sbt","9":"category-televisao","10":"tag-resumo-do-dia"},"_links":{"self":[{"href":"https:\/\/migracao.redenoticia.com.br\/noticia\/wp-json\/wp\/v2\/posts\/182082","targetHints":{"allow":["GET"]}}],"collection":[{"href":"https:\/\/migracao.redenoticia.com.br\/noticia\/wp-json\/wp\/v2\/posts"}],"about":[{"href":"https:\/\/migracao.redenoticia.com.br\/noticia\/wp-json\/wp\/v2\/types\/post"}],"author":[{"embeddable":true,"href":"https:\/\/migracao.redenoticia.com.br\/noticia\/wp-json\/wp\/v2\/users\/4"}],"replies":[{"embeddable":true,"href":"https:\/\/migracao.redenoticia.com.br\/noticia\/wp-json\/wp\/v2\/comments?post=182082"}],"version-history":[{"count":0,"href":"https:\/\/migracao.redenoticia.com.br\/noticia\/wp-json\/wp\/v2\/posts\/182082\/revisions"}],"wp:featuredmedia":[{"embeddable":true,"href":"https:\/\/migracao.redenoticia.com.br\/noticia\/wp-json\/wp\/v2\/media\/181126"}],"wp:attachment":[{"href":"https:\/\/migracao.redenoticia.com.br\/noticia\/wp-json\/wp\/v2\/media?parent=182082"}],"wp:term":[{"taxonomy":"category","embeddable":true,"href":"https:\/\/migracao.redenoticia.com.br\/noticia\/wp-json\/wp\/v2\/categories?post=182082"},{"taxonomy":"post_tag","embeddable":true,"href":"https:\/\/migracao.redenoticia.com.br\/noticia\/wp-json\/wp\/v2\/tags?post=182082"}],"curies":[{"name":"wp","href":"https:\/\/api.w.org\/{rel}","templated":true}]}}