{"id":182084,"date":"2019-09-17T12:50:54","date_gmt":"2019-09-17T15:50:54","guid":{"rendered":"https:\/\/www.redenoticia.com.br\/noticia\/?p=182084"},"modified":"2019-09-17T12:51:00","modified_gmt":"2019-09-17T15:51:00","slug":"resumo-novela-a-que-nao-podia-amar-18-09-rogerio-pede-a-ana-para-ir-embora-de-sua-vida","status":"publish","type":"post","link":"https:\/\/migracao.redenoticia.com.br\/noticia\/2019\/resumo-novela-a-que-nao-podia-amar-18-09-rogerio-pede-a-ana-para-ir-embora-de-sua-vida\/182084","title":{"rendered":"Resumo novela \u201cA Que N\u00e3o Podia Amar\u201d 18\/09: Rog\u00e9rio pede a Ana para ir embora de sua vida"},"content":{"rendered":"<p><strong><em><img loading=\"lazy\" decoding=\"async\" class=\"aligncenter size-large wp-image-173635\" src=\"https:\/\/migracao.redenoticia.com.br\/noticia\/imagens\/a-que-nao-podia-amar-400x271.jpg\" alt=\"\" width=\"400\" height=\"271\" srcset=\"https:\/\/migracao.redenoticia.com.br\/noticia\/imagens\/a-que-nao-podia-amar-400x271.jpg 400w, https:\/\/migracao.redenoticia.com.br\/noticia\/imagens\/a-que-nao-podia-amar-250x169.jpg 250w, https:\/\/migracao.redenoticia.com.br\/noticia\/imagens\/a-que-nao-podia-amar-560x379.jpg 560w, https:\/\/migracao.redenoticia.com.br\/noticia\/imagens\/a-que-nao-podia-amar.jpg 620w\" sizes=\"auto, (max-width: 400px) 100vw, 400px\" \/><\/em><\/strong><\/p>\n<p>Resumo da novela<strong><em> \u201cA Que N\u00e3o Podia Amar\u201d&nbsp;<\/em><\/strong> em 18\/09: no cap\u00edtulo 118(*) da novela, quarta-feira, 18 de setembro, Vanessa tenta seduzir Rog\u00e9rio e assegura que ainda o ama, este a recusa dizendo que isso \u00e9 mentira, pois o traiu com Bruno. Ana Paula reza, pede a Deus que lhe d\u00ea for\u00e7as para suportar o car\u00e1ter de Rog\u00e9rio e poder ajud\u00e1-lo, pois caso contr\u00e1rio vai perd\u00ea-lo. Rog\u00e9rio fica sabendo que Vanessa e Bruno s\u00e3o seus concorrentes na cria\u00e7\u00e3o de gado, ele muito aborrecido discute com eles e sem querer Ana \u00e9 golpeada por Rog\u00e9rio. Rog\u00e9rio reza arrependido por tudo que ele est\u00e1 fazendo. Rog\u00e9rio conversa com Maria reconhecendo que \u00e9 um imbecil porque bateu em Ana Paula. Vanessa e C\u00edntia zombam de que Rog\u00e9rio tenha batido em Ana Paula, sabem que uma tempestade se aproxima, pois quando Gustavo ficar sabendo, certamente ir\u00e1 enfrentar o cunhado. Rog\u00e9rio pede desculpas a Paula, assegura que n\u00e3o quis bater e lhe promete que nunca mais o far\u00e1, ela diz que nunca o perdoar\u00e1. Rog\u00e9rio pede a Ana Paula para ir embora da fazenda e de sua vida para sempre.<\/p>\n<p>(*) edi\u00e7\u00e3o do SBT, Novela \u201cA Que N\u00e3o Podia Amar\u201d, sujeito a altera\u00e7\u00e3o de data e conte\u00fado.<\/p>\n<p>Destaques<\/p>\n<p>&#8220;A Que N\u00e3o Podia Amar&#8221;- Ana Paula, uma enfermeira humilde que se v\u00ea obrigada a trabalhar na casa de Rog\u00e9rio Montero (Jorge Salinas), um homem amargurado. Rog\u00e9rio sofre por ser parapl\u00e9gico e destrata todas as pessoas. Ana Paula atura tudo calada e o rica\u00e7o se apaixona por ela.<\/p>\n<p>Ana conhece Gustavo Duran (Jos\u00e9 Ron), um engenheiro nobre e trabalhador. Os dois se apaixonam, mas ter\u00e3o de enfrentar Rog\u00e9rio, j\u00e1 que ele tamb\u00e9m gosta da mocinha, formando assim, um tri\u00e2ngulo amoroso com terr\u00edveis consequ\u00eancias.<\/p>\n","protected":false},"excerpt":{"rendered":"<p>Resumo da novela \u201cA Que N\u00e3o Podia Amar\u201d&nbsp; em 18\/09: no cap\u00edtulo 118(*) da novela, quarta-feira, 18 de setembro, Vanessa tenta seduzir Rog\u00e9rio e assegura que ainda o ama, este a recusa dizendo que isso \u00e9 mentira, pois o traiu com Bruno. Ana Paula reza, pede a Deus que lhe d\u00ea for\u00e7as para suportar o [&hellip;]<\/p>\n","protected":false},"author":4,"featured_media":173627,"comment_status":"open","ping_status":"closed","sticky":false,"template":"","format":"standard","meta":{"tdm_status":"","tdm_grid_status":"","footnotes":""},"categories":[379,372,343],"tags":[441],"class_list":{"0":"post-182084","1":"post","2":"type-post","3":"status-publish","4":"format-standard","5":"has-post-thumbnail","7":"category-novelas","8":"category-sbt","9":"category-televisao","10":"tag-resumo-do-dia"},"_links":{"self":[{"href":"https:\/\/migracao.redenoticia.com.br\/noticia\/wp-json\/wp\/v2\/posts\/182084","targetHints":{"allow":["GET"]}}],"collection":[{"href":"https:\/\/migracao.redenoticia.com.br\/noticia\/wp-json\/wp\/v2\/posts"}],"about":[{"href":"https:\/\/migracao.redenoticia.com.br\/noticia\/wp-json\/wp\/v2\/types\/post"}],"author":[{"embeddable":true,"href":"https:\/\/migracao.redenoticia.com.br\/noticia\/wp-json\/wp\/v2\/users\/4"}],"replies":[{"embeddable":true,"href":"https:\/\/migracao.redenoticia.com.br\/noticia\/wp-json\/wp\/v2\/comments?post=182084"}],"version-history":[{"count":0,"href":"https:\/\/migracao.redenoticia.com.br\/noticia\/wp-json\/wp\/v2\/posts\/182084\/revisions"}],"wp:featuredmedia":[{"embeddable":true,"href":"https:\/\/migracao.redenoticia.com.br\/noticia\/wp-json\/wp\/v2\/media\/173627"}],"wp:attachment":[{"href":"https:\/\/migracao.redenoticia.com.br\/noticia\/wp-json\/wp\/v2\/media?parent=182084"}],"wp:term":[{"taxonomy":"category","embeddable":true,"href":"https:\/\/migracao.redenoticia.com.br\/noticia\/wp-json\/wp\/v2\/categories?post=182084"},{"taxonomy":"post_tag","embeddable":true,"href":"https:\/\/migracao.redenoticia.com.br\/noticia\/wp-json\/wp\/v2\/tags?post=182084"}],"curies":[{"name":"wp","href":"https:\/\/api.w.org\/{rel}","templated":true}]}}