{"id":182086,"date":"2019-09-17T12:52:05","date_gmt":"2019-09-17T15:52:05","guid":{"rendered":"https:\/\/www.redenoticia.com.br\/noticia\/?p=182086"},"modified":"2019-09-17T12:52:11","modified_gmt":"2019-09-17T15:52:11","slug":"resumo-novela-as-aventuras-de-poliana-18-09-bento-descobre-que-serena-e-sua-avo","status":"publish","type":"post","link":"https:\/\/migracao.redenoticia.com.br\/noticia\/2019\/resumo-novela-as-aventuras-de-poliana-18-09-bento-descobre-que-serena-e-sua-avo\/182086","title":{"rendered":"Resumo novela \u201cAs Aventuras de Poliana\u201d 18\/09: Bento descobre que Serena \u00e9 sua av\u00f3"},"content":{"rendered":"<p><strong><em><img loading=\"lazy\" decoding=\"async\" class=\"aligncenter size-large wp-image-148662\" src=\"https:\/\/migracao.redenoticia.com.br\/noticia\/imagens\/as-aventuras-de-poliana-novela-400x267.jpg\" alt=\"\" width=\"400\" height=\"267\" srcset=\"https:\/\/migracao.redenoticia.com.br\/noticia\/imagens\/as-aventuras-de-poliana-novela-400x267.jpg 400w, https:\/\/migracao.redenoticia.com.br\/noticia\/imagens\/as-aventuras-de-poliana-novela-250x167.jpg 250w, https:\/\/migracao.redenoticia.com.br\/noticia\/imagens\/as-aventuras-de-poliana-novela-150x100.jpg 150w, https:\/\/migracao.redenoticia.com.br\/noticia\/imagens\/as-aventuras-de-poliana-novela.jpg 600w\" sizes=\"auto, (max-width: 400px) 100vw, 400px\" \/>Resumo novela \u201cAs Aventuras de Poliana\u201d 18\/09<\/em><\/strong>: no cap\u00edtulo 351(*) da novela, resumo de quarta-feira, 18 de setembro, as crian\u00e7as do Clubinho pedem para Jo\u00e3o deixar Feij\u00e3o ajuda-los numa miss\u00e3o. Ruth conta a verdade a Bento, diz que o menino n\u00e3o \u00e9 seu verdadeiro sobrinho e que Serena \u00e9 sua av\u00f3. Poliana e Jo\u00e3o voltam a casa de Pendleton para tirar mais algumas d\u00favidas. Luisa e Marcelo ficam noivos. Disfar\u00e7ado, Z\u00f3io vai visitar Falc\u00e3o na delegacia e o entrega uma l\u00e2mina. Guilherme se confunde durante o encontro com Carla e acaba chamando a menina de Raquel. Filipa mostra Sara para suas amigas.<\/p>\n<p>As crian\u00e7as do Clubinho se infiltram no t\u00fanel secreto da casa de Pendleton e conseguem conversar um pouco com Ester. Branca incentiva Vini a investir em Mirela. Guilherme flagra Jerry em um encontro com outra garota. Pendleton encontra as crian\u00e7as bisbilhotando sua casa e conta o ocorrido aos seus pais. Serena e Ruth decidem que Bento deve escolher com quem quer ficar. Afonso pede perd\u00e3o a Sophie por ter a abandonado no altar. Guilherme conta o que viu para Raquel e pede para a menina tomar cuidado com Jerry. Sem ter para onde ir, D\u00e9bora pede para voltar a morar na casa de Ver\u00f4nica. Poliana e Jo\u00e3o v\u00e3o visitar Bento, mas Ruth n\u00e3o encontra o menino em sua casa.<\/p>\n<p>(*) edi\u00e7\u00e3o do SBT, Novela \u201cAs Aventuras de Poliana\u201d, sujeito a altera\u00e7\u00e3o de data e conte\u00fado.<\/p>\n<p>Poliana \u00e9 uma menina extrovertida e de bom cora\u00e7\u00e3o que viajava o Brasil com seus pais, Lorenzo e Alice, no grupo circense Trupe Vagalume. Aos onze anos a garota v\u00ea seu mundo desabar quando seus pais falecem e ela tem que ir morar em S\u00e3o Paulo com sua tia Lu\u00edsa, uma mulher rica e severa, a qual ela n\u00e3o conhecia e que n\u00e3o queria cuidar dela, embora sinta que \u00e9 sua obriga\u00e7\u00e3o pela alma de sua irm\u00e3. Apesar do jeito da rigidez da tia, Poliana decide ter uma vis\u00e3o positiva e inabal\u00e1vel da vida, mesmo nos momentos de dificuldade, tentando levar um pouco de felicidade para a vida de cada um dos seus novos amigos e vizinhos, como o Sr. Pendleton, um homem rico e infeliz por nunca ter tido filhos. Ela vai estudar no col\u00e9gio de Ruth, uma diretora de bom cora\u00e7\u00e3o que a ajuda a se adaptar, mas tem que lidar com as vilanias de Mirela, garota mais velha que n\u00e3o aceita perder a popularidade para uma novata.<\/p>\n","protected":false},"excerpt":{"rendered":"<p>Resumo novela \u201cAs Aventuras de Poliana\u201d 18\/09: no cap\u00edtulo 351(*) da novela, resumo de quarta-feira, 18 de setembro, as crian\u00e7as do Clubinho pedem para Jo\u00e3o deixar Feij\u00e3o ajuda-los numa miss\u00e3o. Ruth conta a verdade a Bento, diz que o menino n\u00e3o \u00e9 seu verdadeiro sobrinho e que Serena \u00e9 sua av\u00f3. Poliana e Jo\u00e3o voltam [&hellip;]<\/p>\n","protected":false},"author":4,"featured_media":148663,"comment_status":"open","ping_status":"closed","sticky":false,"template":"","format":"standard","meta":{"tdm_status":"","tdm_grid_status":"","footnotes":""},"categories":[477,379,372,343],"tags":[441],"class_list":{"0":"post-182086","1":"post","2":"type-post","3":"status-publish","4":"format-standard","5":"has-post-thumbnail","7":"category-as-aventuras-de-poliana","8":"category-novelas","9":"category-sbt","10":"category-televisao","11":"tag-resumo-do-dia"},"_links":{"self":[{"href":"https:\/\/migracao.redenoticia.com.br\/noticia\/wp-json\/wp\/v2\/posts\/182086","targetHints":{"allow":["GET"]}}],"collection":[{"href":"https:\/\/migracao.redenoticia.com.br\/noticia\/wp-json\/wp\/v2\/posts"}],"about":[{"href":"https:\/\/migracao.redenoticia.com.br\/noticia\/wp-json\/wp\/v2\/types\/post"}],"author":[{"embeddable":true,"href":"https:\/\/migracao.redenoticia.com.br\/noticia\/wp-json\/wp\/v2\/users\/4"}],"replies":[{"embeddable":true,"href":"https:\/\/migracao.redenoticia.com.br\/noticia\/wp-json\/wp\/v2\/comments?post=182086"}],"version-history":[{"count":0,"href":"https:\/\/migracao.redenoticia.com.br\/noticia\/wp-json\/wp\/v2\/posts\/182086\/revisions"}],"wp:featuredmedia":[{"embeddable":true,"href":"https:\/\/migracao.redenoticia.com.br\/noticia\/wp-json\/wp\/v2\/media\/148663"}],"wp:attachment":[{"href":"https:\/\/migracao.redenoticia.com.br\/noticia\/wp-json\/wp\/v2\/media?parent=182086"}],"wp:term":[{"taxonomy":"category","embeddable":true,"href":"https:\/\/migracao.redenoticia.com.br\/noticia\/wp-json\/wp\/v2\/categories?post=182086"},{"taxonomy":"post_tag","embeddable":true,"href":"https:\/\/migracao.redenoticia.com.br\/noticia\/wp-json\/wp\/v2\/tags?post=182086"}],"curies":[{"name":"wp","href":"https:\/\/api.w.org\/{rel}","templated":true}]}}