{"id":182088,"date":"2019-09-17T12:53:14","date_gmt":"2019-09-17T15:53:14","guid":{"rendered":"https:\/\/www.redenoticia.com.br\/noticia\/?p=182088"},"modified":"2019-09-17T12:53:20","modified_gmt":"2019-09-17T15:53:20","slug":"resumo-novela-cumplices-de-um-resgate-18-09-os-meninos-do-vilarejo-descobrem-que-isabela-se-perdeu","status":"publish","type":"post","link":"https:\/\/migracao.redenoticia.com.br\/noticia\/2019\/resumo-novela-cumplices-de-um-resgate-18-09-os-meninos-do-vilarejo-descobrem-que-isabela-se-perdeu\/182088","title":{"rendered":"Resumo novela \u201cC\u00famplices de um Resgate\u201d 18\/09: Os meninos do vilarejo descobrem que Isabela se perdeu"},"content":{"rendered":"<p><img loading=\"lazy\" decoding=\"async\" class=\"aligncenter size-large wp-image-164526\" src=\"https:\/\/migracao.redenoticia.com.br\/noticia\/imagens\/cumplices-de-um-resgate-001-316x300.jpg\" alt=\"\" width=\"316\" height=\"300\" srcset=\"https:\/\/migracao.redenoticia.com.br\/noticia\/imagens\/cumplices-de-um-resgate-001-316x300.jpg 316w, https:\/\/migracao.redenoticia.com.br\/noticia\/imagens\/cumplices-de-um-resgate-001-197x187.jpg 197w, https:\/\/migracao.redenoticia.com.br\/noticia\/imagens\/cumplices-de-um-resgate-001-150x143.jpg 150w, https:\/\/migracao.redenoticia.com.br\/noticia\/imagens\/cumplices-de-um-resgate-001.jpg 526w\" sizes=\"auto, (max-width: 316px) 100vw, 316px\" \/> Resumo novela \u201cC\u00famplices de um Resgate\u201d 18\/09: no cap\u00edtulo 183(*) da novela, quarta-feira, 18 de setembro, Isabela est\u00e1 perdida na floresta. Os irm\u00e3os Vaz saem a procura da menina. Ot\u00e1vio joga bola com Mateus, T\u00e9o e D\u00f3ris no vilarejo. Omar pede para Sabrina espionar o trio e descobrir o que eles est\u00e3o escondendo. Al\u00edcia quase encontra Tuntum em sua casa. Andr\u00e9 o esconde. Com materiais da floresta, Isabela faz uma cabana para passar a noite. A pedido de sua m\u00e3e, Pedro empresta algumas roupas suas a Ot\u00e1vio para que ele fique mais um tempo no vilarejo. Os dois v\u00e3o \u00e0 casa de Nina e ficam para jantar.<\/p>\n<p>Ao ver Helena com as roupas que Rebeca trouxe, Pedro diz que prefere o estilo que ela usava antes. Meire pensa em contratar um porteiro em per\u00edodo integral para saber em que hor\u00e1rio Flora entra e sai do condom\u00ednio. A fun\u00e7\u00e3o fica por responsabilidade de Dinho. Chega a noite e os irm\u00e3os Vaz ainda n\u00e3o encontram Isabela. Joaquim avisa aos meninos do vilarejo por celular. Ao voltar para cidade, Ot\u00e1vio escolhe um atalho e fica com o carro atolado. Para fugir de uma cobra, Isabela sobe em uma \u00e1rvore, cai e se machuca.<\/p>\n<p>(*) edi\u00e7\u00e3o do SBT, Novela \u201cC\u00famplices de um Resgate\u201d, sujeito a altera\u00e7\u00e3o de data e conte\u00fado.<\/p>\n","protected":false},"excerpt":{"rendered":"<p>Resumo novela \u201cC\u00famplices de um Resgate\u201d 18\/09: no cap\u00edtulo 183(*) da novela, quarta-feira, 18 de setembro, Isabela est\u00e1 perdida na floresta. Os irm\u00e3os Vaz saem a procura da menina. Ot\u00e1vio joga bola com Mateus, T\u00e9o e D\u00f3ris no vilarejo. Omar pede para Sabrina espionar o trio e descobrir o que eles est\u00e3o escondendo. Al\u00edcia quase [&hellip;]<\/p>\n","protected":false},"author":4,"featured_media":164526,"comment_status":"open","ping_status":"closed","sticky":false,"template":"","format":"standard","meta":{"tdm_status":"","tdm_grid_status":"","footnotes":""},"categories":[379,372,343],"tags":[441],"class_list":{"0":"post-182088","1":"post","2":"type-post","3":"status-publish","4":"format-standard","5":"has-post-thumbnail","7":"category-novelas","8":"category-sbt","9":"category-televisao","10":"tag-resumo-do-dia"},"_links":{"self":[{"href":"https:\/\/migracao.redenoticia.com.br\/noticia\/wp-json\/wp\/v2\/posts\/182088","targetHints":{"allow":["GET"]}}],"collection":[{"href":"https:\/\/migracao.redenoticia.com.br\/noticia\/wp-json\/wp\/v2\/posts"}],"about":[{"href":"https:\/\/migracao.redenoticia.com.br\/noticia\/wp-json\/wp\/v2\/types\/post"}],"author":[{"embeddable":true,"href":"https:\/\/migracao.redenoticia.com.br\/noticia\/wp-json\/wp\/v2\/users\/4"}],"replies":[{"embeddable":true,"href":"https:\/\/migracao.redenoticia.com.br\/noticia\/wp-json\/wp\/v2\/comments?post=182088"}],"version-history":[{"count":0,"href":"https:\/\/migracao.redenoticia.com.br\/noticia\/wp-json\/wp\/v2\/posts\/182088\/revisions"}],"wp:featuredmedia":[{"embeddable":true,"href":"https:\/\/migracao.redenoticia.com.br\/noticia\/wp-json\/wp\/v2\/media\/164526"}],"wp:attachment":[{"href":"https:\/\/migracao.redenoticia.com.br\/noticia\/wp-json\/wp\/v2\/media?parent=182088"}],"wp:term":[{"taxonomy":"category","embeddable":true,"href":"https:\/\/migracao.redenoticia.com.br\/noticia\/wp-json\/wp\/v2\/categories?post=182088"},{"taxonomy":"post_tag","embeddable":true,"href":"https:\/\/migracao.redenoticia.com.br\/noticia\/wp-json\/wp\/v2\/tags?post=182088"}],"curies":[{"name":"wp","href":"https:\/\/api.w.org\/{rel}","templated":true}]}}