{"id":182128,"date":"2019-12-12T23:59:37","date_gmt":"2019-12-13T02:59:37","guid":{"rendered":"https:\/\/www.redenoticia.com.br\/noticia\/?p=182128"},"modified":"2019-12-13T16:11:15","modified_gmt":"2019-12-13T19:11:15","slug":"a-fazenda-11-2019-resultado-enquete-qual-peao-merece-vencer-esta-temporada","status":"publish","type":"post","link":"https:\/\/migracao.redenoticia.com.br\/noticia\/2019\/a-fazenda-11-2019-resultado-enquete-qual-peao-merece-vencer-esta-temporada\/182128","title":{"rendered":"Final &#8220;A Fazenda&#8221; 11 enquete: vota\u00e7\u00e3o em Diego, Hari e Lucas"},"content":{"rendered":"<p><img loading=\"lazy\" decoding=\"async\" class=\"aligncenter size-large wp-image-150800\" src=\"https:\/\/migracao.redenoticia.com.br\/noticia\/imagens\/a-fazenda-record-11-400x266.jpg\" alt=\"\" width=\"400\" height=\"266\" srcset=\"https:\/\/migracao.redenoticia.com.br\/noticia\/imagens\/a-fazenda-record-11-400x266.jpg 400w, https:\/\/migracao.redenoticia.com.br\/noticia\/imagens\/a-fazenda-record-11-250x167.jpg 250w, https:\/\/migracao.redenoticia.com.br\/noticia\/imagens\/a-fazenda-record-11-150x100.jpg 150w, https:\/\/migracao.redenoticia.com.br\/noticia\/imagens\/a-fazenda-record-11.jpg 626w\" sizes=\"auto, (max-width: 400px) 100vw, 400px\" \/><\/p>\n<p><strong><em>&#8220;A Fazenda&#8221; 11 (2019)<\/em><\/strong> enquete &#8211; qual pe\u00e3o merece vencer: os participantes, das mais diferentes personalidades e com perfis bem distintos, disputaram R$ 2 milh\u00f5es em pr\u00eamios, sendo R$ 1,5 milh\u00e3o para o vencedor e R$ 500 mil distribu\u00eddos ao longo do reality show em provas especiais.<\/p>\n<p>Diego, Hari e Lucas disputaram o grande pr\u00eamio. Em 12\/12, Lucas recebeu a maioria dos votos, venceu a disputa e recebeu R$ 1,5 milh\u00e3o. Hari garantiu a segunda coloca\u00e7\u00e3o e Diego ficou em terceiro lugar. O segundo colocado ganhou um carro. Resultado da enquete: <\/p>\n<p><script type=\"text\/javascript\" charset=\"utf-8\" data-cfasync=\"false\" src=\"https:\/\/secure.polldaddy.com\/p\/10411267.js\"><\/script><br \/>\n<noscript><a href=\"https:\/\/poll.fm\/10411267\">&#8220;A Fazenda&#8221; 11 (2019): qual pe\u00e3o merece vencer esta temporada<\/a><\/noscript><\/p>\n<p>Resultado Parcial 10\/12 16h24<br \/>\nHari 74,54%; Lucas 16,98%; Diego 8,47%. Total de Votos 93.462.<br \/>\nResultado Parcial 11\/12 10h46<br \/>\nHari 73,54%; Lucas 17,58%; Diego 8,88%. Total de Votos 96.483.<br \/>\nResultado Parcial 12\/12 13h49<br \/>\nHari 71,50%; Lucas 18,75%; Diego 9,75%. Total de Votos 101.579.<\/p>\n<p>Pe\u00f5es de 2019<\/p>\n<p>01 &#8211; Andr\u00e9a de N\u00f3brega, ex-mulher de Carlos Alberto, fez parte de A Pra\u00e7a \u00c9 Nossa (eliminada);<\/p>\n<p>02 &#8211; Aricia Silva, do P\u00e2nico (eliminada);<\/p>\n<p>03 &#8211; Diego Grossi, do BBB;<\/p>\n<p>04 &#8211; Drika Marinho, do Power Couple (eliminada);<\/p>\n<p>05 &#8211; Guilherme Le\u00e3o, modelo, o &#8220;seguran\u00e7a gato do Metr\u00f4&#8221; (eliminado);<\/p>\n<p>06 &#8211; Hariany Almeida, do BBB;<\/p>\n<p>07 &#8211; Jhenyfer Dulz, conhecida como Bif\u00e3o, do De F\u00e9rias Com o Ex (eliminada);<\/p>\n<p>08 &#8211; Lucas Viana, do Are You The One? Brasil, reality de forma\u00e7\u00e3o de casais;<\/p>\n<p>09 &#8211; Netto Rodrigues, que usa o nome art\u00edstico de NettoDJ (eliminado);<\/p>\n<p>10 &#8211; Phellipe Haagensen, ator (expulso);<\/p>\n<p>11 &#8211; Rodrigo Phavanello, ator (eliminado);<\/p>\n<p>12 &#8211; Sabrina de Paiva, Miss S\u00e3o Paulo em 2016 (eliminada);<\/p>\n<p>13 &#8211; Tati Dias, do De F\u00e9rias Com o Ex (eliminada);<\/p>\n<p>14 &#8211; Thayse Teixeira, influenciadora digital, conhecida como a &#8220;Dona do Cariri&#8221; (eliminada);<\/p>\n<p>15 &#8211; T\u00falio Maravilha, ex-jogador de futebol (eliminado);<\/p>\n<p>16 &#8211; Viny Vieira, o Gluglu do P\u00e2nico (eliminado);<\/p>\n<p>17 &#8211; Jorge Souza, organizador de eventos (eliminado).<\/p>\n<p>&#8212;<br \/>\nEquipe Sol 2019 &#8211; Aricia Silva (eliminada), Andr\u00e9a N\u00f3brega (eliminada), Guilherme Le\u00e3o, Drika Marinho (eliminada), Phellipe Haagensen (substitu\u00eddo por Jorge Souza, eliminado), Viny Vieira (eliminado), Bif\u00e3o (eliminada) e NettoDJ (eliminado).<\/p>\n<p>Equipe Lua 2019 &#8211; Thayse Teixeira (eliminada), Hari Almeida, Sabrina Paiva (eliminada), Lucas Viana, Tati Dias (eliminada), Rodrigo Phavanello (eliminado), T\u00falio Maravilha (eliminado) e Diego Grossi.<\/p>\n<p>&#8212;<br \/>\nNesta edi\u00e7\u00e3o, ap\u00f3s cada elimina\u00e7\u00e3o haver\u00e1 uma live transmitida em todas as redes sociais do programa, comandada pelo humorista Lucas Salles, ao lado dos youtubers Tati e Marcelo da WebTVBrasileira.<\/p>\n<p>O reality show tem dire\u00e7\u00e3o do n\u00facleo de realities de Rodrigo Carelli, dire\u00e7\u00e3o geral de Fernando Viudez e produ\u00e7\u00e3o da Teleimage.<\/p>\n<p>&#8220;A Fazenda&#8221; Record<\/p>\n","protected":false},"excerpt":{"rendered":"<p>&#8220;A Fazenda&#8221; 11 (2019) enquete &#8211; qual pe\u00e3o merece vencer: os participantes, das mais diferentes personalidades e com perfis bem distintos, disputaram R$ 2 milh\u00f5es em pr\u00eamios, sendo R$ 1,5 milh\u00e3o para o vencedor e R$ 500 mil distribu\u00eddos ao longo do reality show em provas especiais. Diego, Hari e Lucas disputaram o grande pr\u00eamio. [&hellip;]<\/p>\n","protected":false},"author":2,"featured_media":152827,"comment_status":"open","ping_status":"closed","sticky":false,"template":"","format":"standard","meta":{"tdm_status":"","tdm_grid_status":"","footnotes":""},"categories":[406,371,343],"tags":[521,523],"class_list":{"0":"post-182128","1":"post","2":"type-post","3":"status-publish","4":"format-standard","5":"has-post-thumbnail","7":"category-a-fazenda","8":"category-rede-record","9":"category-televisao","10":"tag-enquete","11":"tag-variedades"},"_links":{"self":[{"href":"https:\/\/migracao.redenoticia.com.br\/noticia\/wp-json\/wp\/v2\/posts\/182128","targetHints":{"allow":["GET"]}}],"collection":[{"href":"https:\/\/migracao.redenoticia.com.br\/noticia\/wp-json\/wp\/v2\/posts"}],"about":[{"href":"https:\/\/migracao.redenoticia.com.br\/noticia\/wp-json\/wp\/v2\/types\/post"}],"author":[{"embeddable":true,"href":"https:\/\/migracao.redenoticia.com.br\/noticia\/wp-json\/wp\/v2\/users\/2"}],"replies":[{"embeddable":true,"href":"https:\/\/migracao.redenoticia.com.br\/noticia\/wp-json\/wp\/v2\/comments?post=182128"}],"version-history":[{"count":0,"href":"https:\/\/migracao.redenoticia.com.br\/noticia\/wp-json\/wp\/v2\/posts\/182128\/revisions"}],"wp:featuredmedia":[{"embeddable":true,"href":"https:\/\/migracao.redenoticia.com.br\/noticia\/wp-json\/wp\/v2\/media\/152827"}],"wp:attachment":[{"href":"https:\/\/migracao.redenoticia.com.br\/noticia\/wp-json\/wp\/v2\/media?parent=182128"}],"wp:term":[{"taxonomy":"category","embeddable":true,"href":"https:\/\/migracao.redenoticia.com.br\/noticia\/wp-json\/wp\/v2\/categories?post=182128"},{"taxonomy":"post_tag","embeddable":true,"href":"https:\/\/migracao.redenoticia.com.br\/noticia\/wp-json\/wp\/v2\/tags?post=182128"}],"curies":[{"name":"wp","href":"https:\/\/api.w.org\/{rel}","templated":true}]}}