{"id":182163,"date":"2019-09-18T18:02:28","date_gmt":"2019-09-18T21:02:28","guid":{"rendered":"https:\/\/www.redenoticia.com.br\/noticia\/?p=182163"},"modified":"2019-09-18T18:02:32","modified_gmt":"2019-09-18T21:02:32","slug":"resumo-novela-cumplices-de-um-resgate-19-09-otavio-leva-isabela-ate-rebeca","status":"publish","type":"post","link":"https:\/\/migracao.redenoticia.com.br\/noticia\/2019\/resumo-novela-cumplices-de-um-resgate-19-09-otavio-leva-isabela-ate-rebeca\/182163","title":{"rendered":"Resumo novela \u201cC\u00famplices de um Resgate\u201d 19\/09: Ot\u00e1vio leva Isabela at\u00e9 Rebeca"},"content":{"rendered":"<p><img loading=\"lazy\" decoding=\"async\" class=\"aligncenter size-large wp-image-164526\" src=\"https:\/\/migracao.redenoticia.com.br\/noticia\/imagens\/cumplices-de-um-resgate-001-316x300.jpg\" alt=\"\" width=\"316\" height=\"300\" srcset=\"https:\/\/migracao.redenoticia.com.br\/noticia\/imagens\/cumplices-de-um-resgate-001-316x300.jpg 316w, https:\/\/migracao.redenoticia.com.br\/noticia\/imagens\/cumplices-de-um-resgate-001-197x187.jpg 197w, https:\/\/migracao.redenoticia.com.br\/noticia\/imagens\/cumplices-de-um-resgate-001-150x143.jpg 150w, https:\/\/migracao.redenoticia.com.br\/noticia\/imagens\/cumplices-de-um-resgate-001.jpg 526w\" sizes=\"auto, (max-width: 316px) 100vw, 316px\" \/> Resumo novela \u201cC\u00famplices de um Resgate\u201d 19\/09: no cap\u00edtulo 184(*) da novela, quinta-feira, 19 de setembro, Ot\u00e1vio ouve um grito por socorro e vai checar. Ele encontra Manuela (que na verdade \u00e9 Isabela) desacordada. Usando cal\u00e7os no pneu, ele consegue levar a menina de carro at\u00e9 a casa de sua m\u00e3e. Rebeca chora muito ao ver a menina. Navarro e Vargas observam tudo e contam para Geraldo. Geraldo pede para eles tirarem ela de l\u00e1 de alguma forma. A fam\u00edlia de Manuela chama um m\u00e9dico que diz que a menina sofreu um trauma e precisa de repouso.<\/p>\n<p>Nina sugere fazer um culto de a\u00e7\u00e3o de gra\u00e7as. A not\u00edcia se espalha pelo vilarejo. Mateus avisa aos irm\u00e3os Vaz pelo celular. Ot\u00e1vio liga para a empresa e conta o que aconteceu para Lurdinha. Regina diz para Geraldo que vai visitar o vilarejo quando a poeira abaixar. Frederico conta sobre o reaparecimento de Manuela pra todos no escrit\u00f3rio.<\/p>\n<p>(*) edi\u00e7\u00e3o do SBT, Novela \u201cC\u00famplices de um Resgate\u201d, sujeito a altera\u00e7\u00e3o de data e conte\u00fado.<\/p>\n","protected":false},"excerpt":{"rendered":"<p>Resumo novela \u201cC\u00famplices de um Resgate\u201d 19\/09: no cap\u00edtulo 184(*) da novela, quinta-feira, 19 de setembro, Ot\u00e1vio ouve um grito por socorro e vai checar. Ele encontra Manuela (que na verdade \u00e9 Isabela) desacordada. Usando cal\u00e7os no pneu, ele consegue levar a menina de carro at\u00e9 a casa de sua m\u00e3e. Rebeca chora muito ao [&hellip;]<\/p>\n","protected":false},"author":2,"featured_media":164525,"comment_status":"open","ping_status":"closed","sticky":false,"template":"","format":"standard","meta":{"tdm_status":"","tdm_grid_status":"","footnotes":""},"categories":[379,372,343],"tags":[441],"class_list":{"0":"post-182163","1":"post","2":"type-post","3":"status-publish","4":"format-standard","5":"has-post-thumbnail","7":"category-novelas","8":"category-sbt","9":"category-televisao","10":"tag-resumo-do-dia"},"_links":{"self":[{"href":"https:\/\/migracao.redenoticia.com.br\/noticia\/wp-json\/wp\/v2\/posts\/182163","targetHints":{"allow":["GET"]}}],"collection":[{"href":"https:\/\/migracao.redenoticia.com.br\/noticia\/wp-json\/wp\/v2\/posts"}],"about":[{"href":"https:\/\/migracao.redenoticia.com.br\/noticia\/wp-json\/wp\/v2\/types\/post"}],"author":[{"embeddable":true,"href":"https:\/\/migracao.redenoticia.com.br\/noticia\/wp-json\/wp\/v2\/users\/2"}],"replies":[{"embeddable":true,"href":"https:\/\/migracao.redenoticia.com.br\/noticia\/wp-json\/wp\/v2\/comments?post=182163"}],"version-history":[{"count":0,"href":"https:\/\/migracao.redenoticia.com.br\/noticia\/wp-json\/wp\/v2\/posts\/182163\/revisions"}],"wp:featuredmedia":[{"embeddable":true,"href":"https:\/\/migracao.redenoticia.com.br\/noticia\/wp-json\/wp\/v2\/media\/164525"}],"wp:attachment":[{"href":"https:\/\/migracao.redenoticia.com.br\/noticia\/wp-json\/wp\/v2\/media?parent=182163"}],"wp:term":[{"taxonomy":"category","embeddable":true,"href":"https:\/\/migracao.redenoticia.com.br\/noticia\/wp-json\/wp\/v2\/categories?post=182163"},{"taxonomy":"post_tag","embeddable":true,"href":"https:\/\/migracao.redenoticia.com.br\/noticia\/wp-json\/wp\/v2\/tags?post=182163"}],"curies":[{"name":"wp","href":"https:\/\/api.w.org\/{rel}","templated":true}]}}