{"id":182256,"date":"2019-11-22T23:57:44","date_gmt":"2019-11-23T02:57:44","guid":{"rendered":"https:\/\/www.redenoticia.com.br\/noticia\/?p=182256"},"modified":"2019-11-28T21:49:07","modified_gmt":"2019-11-29T00:49:07","slug":"a-fazenda-11-2019-netto-conquista-o-lampiao-do-poder","status":"publish","type":"post","link":"https:\/\/migracao.redenoticia.com.br\/noticia\/2019\/a-fazenda-11-2019-netto-conquista-o-lampiao-do-poder\/182256","title":{"rendered":"&#8220;A Fazenda&#8221; 11 (2019): Diego ganha a \u00faltima Prova de Fogo"},"content":{"rendered":"<p><em><strong><img loading=\"lazy\" decoding=\"async\" class=\"aligncenter size-large wp-image-59670\" src=\"https:\/\/migracao.redenoticia.com.br\/noticia\/imagens\/a_fazenda_enquete_roca-300x300.jpg\" alt=\"\" width=\"300\" height=\"300\" srcset=\"https:\/\/migracao.redenoticia.com.br\/noticia\/imagens\/a_fazenda_enquete_roca.jpg 300w, https:\/\/migracao.redenoticia.com.br\/noticia\/imagens\/a_fazenda_enquete_roca-187x187.jpg 187w, https:\/\/migracao.redenoticia.com.br\/noticia\/imagens\/a_fazenda_enquete_roca-150x150.jpg 150w, https:\/\/migracao.redenoticia.com.br\/noticia\/imagens\/a_fazenda_enquete_roca-110x110.jpg 110w, https:\/\/migracao.redenoticia.com.br\/noticia\/imagens\/a_fazenda_enquete_roca-50x50.jpg 50w\" sizes=\"auto, (max-width: 300px) 100vw, 300px\" \/><\/strong><\/em><\/p>\n<p><em><strong>&#8220;A Fazenda&#8221; 11 (2019)<\/strong><\/em>: Em 22\/11, Sabrina e Diego disputaram a \u00faltima Prova de Fogo: circuito de obst\u00e1culos que exigiu resist\u00eancia e agilidade. Diego venceu e ganhou o Lampi\u00e3o com o poder das chamas verde e vermelha. Marcos Mion anunciou o resultado da pesquisa &#8211; Qual deve ser o Poder da Chama Vermelha dessa semana? Conforme vota\u00e7\u00e3o do p\u00fablico, o Fazendeiro dever\u00e1 escolher dois pe\u00f5es que n\u00e3o est\u00e3o na Ro\u00e7a. O dono do Poder dever\u00e1 indicar um dos escolhidos para Terceiro Roceiro.<\/p>\n<p>Sabrina escolheu Viny para ir com ela para a baia.<\/p>\n<p>&#8212;<br \/>\nEm 15\/11, Thayse e Hari se enfrentaram na prova de fogo, que consistiu em encher um cofre com moedas. Thayse escolheu Lucas como ajudante e Hari escolheu Sabrina. Thayse venceu a disputa. Ela ganhou o Lampi\u00e3o dos poderes. O p\u00fablico escolheu o Poder da Chama Vermelha: o dono do poder deve anular dois votos. Hari escolheu o Netto para ir com ela para a baia.<\/p>\n<p>&#8212;<br \/>\nEm 08\/11, Diego, Netto, Viny e Lucas se enfrentaram na prova de fogo, que consistiu em tipo de pega-pega que exigiu agilidade. Netto venceu a disputa. Ele ganhou o Lampi\u00e3o dos poderes. O p\u00fablico escolheu o Poder da Chama Vermelha: o dono do poder deve escolher entre ficar imune \u00e0 ro\u00e7a ou indicar o terceiro roceiro. Viny escolheu Lucas e Guilherme para ir com ele para a baia.<\/p>\n<p>&#8212;<br \/>\nEm 25\/10, na prova de fogo os pe\u00f5es da equipe Lua distribu\u00edram malas de dinheiro entre eles. Cada pe\u00e3o ficou com as malas e com o dinheiro delas. No final da prova, o pe\u00e3o com menos dinheiro ganhou o Lampi\u00e3o e um carro novo. Rodrigo acumulou o menor valor e ganhou os pr\u00eamios, al\u00e9m do dinheiro de suas malas. O p\u00fablico escolheu o Poder da Chama Vermelha: imunizar um pe\u00e3o \u00e0 Ro\u00e7a (exceto ele mesmo). A equipe Sol foi para a baia.<\/p>\n<p>&#8212;<br \/>\nEm 18\/10, a prova de fogo consistiu em juntar barris com um trator, para formar uma frase. A Equipe Sol escolheu Netto como representante. A Equipe Lua escolheu Diego.<\/p>\n<p>Netto foi mais \u00e1gil e venceu a disputa. Ele ganhou o Lampi\u00e3o dos poderes Azul e Vermelho. O p\u00fablico escolheu o Poder da Chama Vermelha: o dono do poder pode receber um pr\u00eamio de R$ 30 mil. Para isso, dever\u00e1 substituir o segundo ou o terceiro roceiro por algu\u00e9m da pr\u00f3pria equipe.<\/p>\n<p>Diego escolheu Viny e Jorge para ir com ele para a baia.<\/p>\n<p>&#8212;<br \/>\nEm 11\/10, a prova de fogo consistiu em juntar letras para montar a marca de um patrocinador. A Equipe Sol escolheu Jorge Souza como representante. A Equipe Lua escolheu Lucas Viana como representante.<\/p>\n<p>Jorge venceu a disputa. Ele ganhou o Lampi\u00e3o dos poderes Azul e Vermelho. O p\u00fablico escolheu o Poder da Chama Vermelha: o dono do poder da Chama Vermelha deve indicar algu\u00e9m da sede para Ro\u00e7a. <\/p>\n<p>Lucas escolheu Guilherme e Netto para ir com ele para a baia.<\/p>\n<p>&#8212;<br \/>\nEm 04\/10, a prova de fogo consistiu em acertar bolas em vag\u00f5es do trem pilotado pelo ajudante. A Equipe Sol escolheu Bif\u00e3o como representante e Netto como ajudante. A Equipe Lua escolheu Tati como representante e Diego como ajudante.<\/p>\n<p>Bif\u00e3o venceu a disputa. Ela ganhou o Lampi\u00e3o dos poderes Azul e Vermelho. O p\u00fablico escolheu o Poder da Chama Vermelha: O dono do Poder deve anular o voto de 3 pe\u00f5es. <\/p>\n<p>Tati escolheu Hari e Thayse para ir com ela para a baia.<\/p>\n<p>&#8212;<br \/>\nEm 27\/09, a prova de fogo consistiu em acertar o jogo da velha em 3 modalidades diferentes. A Equipe Sol escolheu Guilherme como representante e Netto e Felipe como ajudantes. A Equipe Lua escolheu Diego como representante e Lucas e T\u00falio como ajudantes.<\/p>\n<p>Diego venceu a disputa. Ele ganhou o Lampi\u00e3o dos poderes Azul e Vermelho. O p\u00fablico escolheu o Poder da Chama Vermelha: O dono do Poder pode ganhar um pr\u00eamio de R$ 10 mil, desde que decida deixar a Sede sem \u00e1gua durante 36 horas.<\/p>\n<p>Guilherme escolheu Lucas e T\u00falio para ir com ele para a baia.<\/p>\n<p>&#8212;<br \/>\nEm 19\/09, a prova de fogo consistiu em transportar 120 ovos em uma pista com obst\u00e1culos. As equipes definiram seus competidores para a prova de fogo: (Sol) Netto como representante e Guilherme Le\u00e3o como ajudante; (Lua) Rodrigo Phavanello como representante e Lucas Viana como ajudante.<\/p>\n<p>Netto e Guilherme venceram a disputa. Netto ganhou o Lampi\u00e3o dos poderes Azul e Vermelho. O p\u00fablico escolheu o Poder da Chama Vermelha. Na forma\u00e7\u00e3o da ro\u00e7a, que acontece segunda-feira, o dono do Poder deve trocar um dos pe\u00f5es que est\u00e1 na baia por um dos pe\u00f5es que n\u00e3o est\u00e1 na baia.<\/p>\n<p>Netto tamb\u00e9m se livrou da ro\u00e7a e escolheu Andr\u00e9a e Aricia para voltar com ele para a sede. Rodrigo escolheu Diego e Lucas para ir com ele para a baia. <\/p>\n","protected":false},"excerpt":{"rendered":"<p>&#8220;A Fazenda&#8221; 11 (2019): Em 22\/11, Sabrina e Diego disputaram a \u00faltima Prova de Fogo: circuito de obst\u00e1culos que exigiu resist\u00eancia e agilidade. Diego venceu e ganhou o Lampi\u00e3o com o poder das chamas verde e vermelha. Marcos Mion anunciou o resultado da pesquisa &#8211; Qual deve ser o Poder da Chama Vermelha dessa semana? [&hellip;]<\/p>\n","protected":false},"author":2,"featured_media":152827,"comment_status":"open","ping_status":"closed","sticky":false,"template":"","format":"standard","meta":{"tdm_status":"","tdm_grid_status":"","footnotes":""},"categories":[406,371,343],"tags":[523],"class_list":{"0":"post-182256","1":"post","2":"type-post","3":"status-publish","4":"format-standard","5":"has-post-thumbnail","7":"category-a-fazenda","8":"category-rede-record","9":"category-televisao","10":"tag-variedades"},"_links":{"self":[{"href":"https:\/\/migracao.redenoticia.com.br\/noticia\/wp-json\/wp\/v2\/posts\/182256","targetHints":{"allow":["GET"]}}],"collection":[{"href":"https:\/\/migracao.redenoticia.com.br\/noticia\/wp-json\/wp\/v2\/posts"}],"about":[{"href":"https:\/\/migracao.redenoticia.com.br\/noticia\/wp-json\/wp\/v2\/types\/post"}],"author":[{"embeddable":true,"href":"https:\/\/migracao.redenoticia.com.br\/noticia\/wp-json\/wp\/v2\/users\/2"}],"replies":[{"embeddable":true,"href":"https:\/\/migracao.redenoticia.com.br\/noticia\/wp-json\/wp\/v2\/comments?post=182256"}],"version-history":[{"count":0,"href":"https:\/\/migracao.redenoticia.com.br\/noticia\/wp-json\/wp\/v2\/posts\/182256\/revisions"}],"wp:featuredmedia":[{"embeddable":true,"href":"https:\/\/migracao.redenoticia.com.br\/noticia\/wp-json\/wp\/v2\/media\/152827"}],"wp:attachment":[{"href":"https:\/\/migracao.redenoticia.com.br\/noticia\/wp-json\/wp\/v2\/media?parent=182256"}],"wp:term":[{"taxonomy":"category","embeddable":true,"href":"https:\/\/migracao.redenoticia.com.br\/noticia\/wp-json\/wp\/v2\/categories?post=182256"},{"taxonomy":"post_tag","embeddable":true,"href":"https:\/\/migracao.redenoticia.com.br\/noticia\/wp-json\/wp\/v2\/tags?post=182256"}],"curies":[{"name":"wp","href":"https:\/\/api.w.org\/{rel}","templated":true}]}}