{"id":182315,"date":"2019-09-21T19:32:37","date_gmt":"2019-09-21T22:32:37","guid":{"rendered":"https:\/\/www.redenoticia.com.br\/noticia\/?p=182315"},"modified":"2019-09-21T19:32:41","modified_gmt":"2019-09-21T22:32:41","slug":"resumo-novela-cumplices-de-um-resgate-23-09-todos-comemoram-a-volta-de-manuela","status":"publish","type":"post","link":"https:\/\/migracao.redenoticia.com.br\/noticia\/2019\/resumo-novela-cumplices-de-um-resgate-23-09-todos-comemoram-a-volta-de-manuela\/182315","title":{"rendered":"Resumo novela \u201cC\u00famplices de um Resgate\u201d 23\/09: todos comemoram a volta de Manuela"},"content":{"rendered":"<p><img loading=\"lazy\" decoding=\"async\" class=\"aligncenter size-large wp-image-164526\" src=\"https:\/\/migracao.redenoticia.com.br\/noticia\/imagens\/cumplices-de-um-resgate-001-316x300.jpg\" alt=\"\" width=\"316\" height=\"300\" srcset=\"https:\/\/migracao.redenoticia.com.br\/noticia\/imagens\/cumplices-de-um-resgate-001-316x300.jpg 316w, https:\/\/migracao.redenoticia.com.br\/noticia\/imagens\/cumplices-de-um-resgate-001-197x187.jpg 197w, https:\/\/migracao.redenoticia.com.br\/noticia\/imagens\/cumplices-de-um-resgate-001-150x143.jpg 150w, https:\/\/migracao.redenoticia.com.br\/noticia\/imagens\/cumplices-de-um-resgate-001.jpg 526w\" sizes=\"auto, (max-width: 316px) 100vw, 316px\" \/> Resumo novela \u201cC\u00famplices de um Resgate\u201d 23\/09: no cap\u00edtulo 186(*) da novela, segunda-feira, 23 de setembro, usando cal\u00e7os no pneu, ele consegue levar a menina de carro at\u00e9 a casa de sua m\u00e3e. Rebeca chora muito ao ver a menina. Navarro e Vargas observam tudo e contam para Geraldo. Geraldo pede para eles tirarem ela de l\u00e1 de alguma forma. A fam\u00edlia de Manuela chama um m\u00e9dico que diz que a menina sofreu um trauma e precisa de repouso. Nina sugere fazer um culto de a\u00e7\u00e3o de gra\u00e7as. A not\u00edcia se espalha pelo vilarejo. Mateus avisa aos irm\u00e3os Vaz pelo celular. Ot\u00e1vio liga para a empresa e conta o que aconteceu para Lurdinha. Regina diz para Geraldo que vai visitar o vilarejo quando a poeira abaixar. Frederico conta sobre o reaparecimento de Manuela pra todos no escrit\u00f3rio.<\/p>\n<p>Helena chama a aten\u00e7\u00e3o de Pedro, que n\u00e3o quer participar da festa do retorno de Manuela por estar com ci\u00fame de Ot\u00e1vio, que encontrou a menina. Joaquim, Felipe e Julia conseguem uma carona para sair da mata e voltar para a cidade. Todos do vilarejo v\u00e3o at\u00e9 a casa de Rebeca para comemorar a volta de Manuela, que na verdade \u00e9 Isabela. Navarro e Vargas observam tudo no Vilarejo. Geraldo e Regina conversam sobre o ocorrido ap\u00f3s serem avisados pelos capangas. Safira est\u00e1 irritada com o surgimento de Manuela, pois acredita que agora n\u00e3o haver\u00e1 empecilhos para Ot\u00e1vio se casar com Rebeca. Fortunato vai at\u00e9 a sala de Safira na empresa e pede para se reaproximarem. Safira grita que isso n\u00e3o ir\u00e1 acontecer\u00e1 e que ela n\u00e3o quer mais ver a cara dele. Rebeca pergunta para Manuela, que na verdade \u00e9 Isabela, se est\u00e1 tudo bem. A garota diz para ela n\u00e3o chegar muito perto dela.<\/p>\n<p>T\u00e9o, D\u00f3ris e Mateus estranham o comportamento abalado e distante de Manuela, pois quando estavam na mata ela estava muito comunicativa. Rebeca diz pra Ot\u00e1vio, Helena e Nina que Manuela est\u00e1 muito arisca. A mulher garante estar preocupada com ela. Sozinha, Isabela diz que n\u00e3o pode se envolver, pois Rebeca lhe abandonou e ama apenas Manuela. Ot\u00e1vio vai conversar com Manuela e diz que todos do vilarejo j\u00e1 foram embora, mas que a fam\u00edlia est\u00e1 preocupada com tudo que aconteceu com ela no passado. Isabela inventa que n\u00e3o pode dizer quem eram os bandidos, pois ficou vendada o tempo todo e que n\u00e3o quer falar sobre isso. Fl\u00e1via e o Pastor Augusto querem que Manuela tamb\u00e9m participe da pe\u00e7a. Regina decide que n\u00e3o vai fazer nada com Isabela, pois pode ser bom essa mudan\u00e7a a princ\u00edpio \u00e9 por acreditar que ela n\u00e3o vai querer por sua heran\u00e7a em perigo.<\/p>\n<p>(*) edi\u00e7\u00e3o do SBT, Novela \u201cC\u00famplices de um Resgate\u201d, sujeito a altera\u00e7\u00e3o de data e conte\u00fado.<\/p>\n","protected":false},"excerpt":{"rendered":"<p>Resumo novela \u201cC\u00famplices de um Resgate\u201d 23\/09: no cap\u00edtulo 186(*) da novela, segunda-feira, 23 de setembro, usando cal\u00e7os no pneu, ele consegue levar a menina de carro at\u00e9 a casa de sua m\u00e3e. Rebeca chora muito ao ver a menina. Navarro e Vargas observam tudo e contam para Geraldo. Geraldo pede para eles tirarem ela [&hellip;]<\/p>\n","protected":false},"author":2,"featured_media":164525,"comment_status":"open","ping_status":"closed","sticky":false,"template":"","format":"standard","meta":{"tdm_status":"","tdm_grid_status":"","footnotes":""},"categories":[379,372,343],"tags":[441],"class_list":{"0":"post-182315","1":"post","2":"type-post","3":"status-publish","4":"format-standard","5":"has-post-thumbnail","7":"category-novelas","8":"category-sbt","9":"category-televisao","10":"tag-resumo-do-dia"},"_links":{"self":[{"href":"https:\/\/migracao.redenoticia.com.br\/noticia\/wp-json\/wp\/v2\/posts\/182315","targetHints":{"allow":["GET"]}}],"collection":[{"href":"https:\/\/migracao.redenoticia.com.br\/noticia\/wp-json\/wp\/v2\/posts"}],"about":[{"href":"https:\/\/migracao.redenoticia.com.br\/noticia\/wp-json\/wp\/v2\/types\/post"}],"author":[{"embeddable":true,"href":"https:\/\/migracao.redenoticia.com.br\/noticia\/wp-json\/wp\/v2\/users\/2"}],"replies":[{"embeddable":true,"href":"https:\/\/migracao.redenoticia.com.br\/noticia\/wp-json\/wp\/v2\/comments?post=182315"}],"version-history":[{"count":0,"href":"https:\/\/migracao.redenoticia.com.br\/noticia\/wp-json\/wp\/v2\/posts\/182315\/revisions"}],"wp:featuredmedia":[{"embeddable":true,"href":"https:\/\/migracao.redenoticia.com.br\/noticia\/wp-json\/wp\/v2\/media\/164525"}],"wp:attachment":[{"href":"https:\/\/migracao.redenoticia.com.br\/noticia\/wp-json\/wp\/v2\/media?parent=182315"}],"wp:term":[{"taxonomy":"category","embeddable":true,"href":"https:\/\/migracao.redenoticia.com.br\/noticia\/wp-json\/wp\/v2\/categories?post=182315"},{"taxonomy":"post_tag","embeddable":true,"href":"https:\/\/migracao.redenoticia.com.br\/noticia\/wp-json\/wp\/v2\/tags?post=182315"}],"curies":[{"name":"wp","href":"https:\/\/api.w.org\/{rel}","templated":true}]}}