{"id":182317,"date":"2019-09-21T19:30:33","date_gmt":"2019-09-21T22:30:33","guid":{"rendered":"https:\/\/www.redenoticia.com.br\/noticia\/?p=182317"},"modified":"2019-09-21T19:30:37","modified_gmt":"2019-09-21T22:30:37","slug":"resumo-novela-a-que-nao-podia-amar-23-09-gustavo-agride-rogerio","status":"publish","type":"post","link":"https:\/\/migracao.redenoticia.com.br\/noticia\/2019\/resumo-novela-a-que-nao-podia-amar-23-09-gustavo-agride-rogerio\/182317","title":{"rendered":"Resumo novela \u201cA Que N\u00e3o Podia Amar\u201d 23\/09: Gustavo agride Rog\u00e9rio"},"content":{"rendered":"<p><strong><em><img loading=\"lazy\" decoding=\"async\" class=\"aligncenter size-large wp-image-173635\" src=\"https:\/\/migracao.redenoticia.com.br\/noticia\/imagens\/a-que-nao-podia-amar-400x271.jpg\" alt=\"\" width=\"400\" height=\"271\" srcset=\"https:\/\/migracao.redenoticia.com.br\/noticia\/imagens\/a-que-nao-podia-amar-400x271.jpg 400w, https:\/\/migracao.redenoticia.com.br\/noticia\/imagens\/a-que-nao-podia-amar-250x169.jpg 250w, https:\/\/migracao.redenoticia.com.br\/noticia\/imagens\/a-que-nao-podia-amar-560x379.jpg 560w, https:\/\/migracao.redenoticia.com.br\/noticia\/imagens\/a-que-nao-podia-amar.jpg 620w\" sizes=\"auto, (max-width: 400px) 100vw, 400px\" \/><\/em><\/strong><\/p>\n<p>Resumo da novela<strong><em> \u201cA Que N\u00e3o Podia Amar\u201d&nbsp;<\/em><\/strong> em 23\/09: no cap\u00edtulo 121(*) da novela, segunda-feira, 23 de setembro, Ana Paula confessa a Rosaura que est\u00e1 muito entristecida pelo que Rog\u00e9rio fez, ainda mais agora que lhe pediu que v\u00e1 embora da fazenda. Enquanto isso, Vanessa conversa com Rog\u00e9rio para deixar claro que o \u00fanico que est\u00e1 fazendo \u00e9 cuidar de seus interesses, este lhe diz que n\u00e3o a quer ver e lhe pede que v\u00e1 embora da fazenda. Rosaura alterada pela not\u00edcia de ter que ir embora da fazenda, diz a Gustavo que Rog\u00e9rio bateu em Ana. Rog\u00e9rio insiste em aborrecer a esposa ao dizer que j\u00e1 n\u00e3o significa nada que continue ao seu lado. Mais tarde, Gustavo procura a Rog\u00e9rio para recrimin\u00e1-lo por ter machucado Ana Paula e bate no fazendeiro dizendo que ele \u00e9 um covarde.<\/p>\n<p>Depois que Rog\u00e9rio diz a Ana que ela s\u00f3 foi um objeto de vingan\u00e7a e que a usou contra Gustavo, ela decide que ir\u00e1 embora da fazenda e de seu lado para sempre. Enquanto isso, Bruno prop\u00f5e a C\u00edntia e a Vanessa que unam for\u00e7as para poder prejudicar Rog\u00e9rio nos neg\u00f3cios. Rog\u00e9rio v\u00ea Ana Paula partir da fazenda, ao acontecer isso, Vanessa decide conversar com ele para propor que se deem outra chance. Rosaura, Ana e Marquinho v\u00e3o para a pens\u00e3o do povoado e n\u00e3o para a casa que Rog\u00e9rio alugou. Mais tarde, Gustavo conversa com Ana Paula porque se sente muito mal de que n\u00e3o tenha pensado em se despedir dele, depois dele ter a defendido diante de Rog\u00e9rio. Gustavo fica sabendo que Rog\u00e9rio usou Ana para se vingar dele e decide enfrentar o fazendeiro novamente.<\/p>\n<p>(*) edi\u00e7\u00e3o do SBT, Novela \u201cA Que N\u00e3o Podia Amar\u201d, sujeito a altera\u00e7\u00e3o de data e conte\u00fado.<\/p>\n<p>&#8220;A Que N\u00e3o Podia Amar&#8221;- Ana Paula, uma enfermeira humilde que se v\u00ea obrigada a trabalhar na casa de Rog\u00e9rio Montero (Jorge Salinas), um homem amargurado. Rog\u00e9rio sofre por ser parapl\u00e9gico e destrata todas as pessoas. Ana Paula atura tudo calada e o rica\u00e7o se apaixona por ela.<\/p>\n<p>Ana conhece Gustavo Duran (Jos\u00e9 Ron), um engenheiro nobre e trabalhador. Os dois se apaixonam, mas ter\u00e3o de enfrentar Rog\u00e9rio, j\u00e1 que ele tamb\u00e9m gosta da mocinha, formando assim, um tri\u00e2ngulo amoroso com terr\u00edveis consequ\u00eancias.<\/p>\n","protected":false},"excerpt":{"rendered":"<p>Resumo da novela \u201cA Que N\u00e3o Podia Amar\u201d&nbsp; em 23\/09: no cap\u00edtulo 121(*) da novela, segunda-feira, 23 de setembro, Ana Paula confessa a Rosaura que est\u00e1 muito entristecida pelo que Rog\u00e9rio fez, ainda mais agora que lhe pediu que v\u00e1 embora da fazenda. Enquanto isso, Vanessa conversa com Rog\u00e9rio para deixar claro que o \u00fanico [&hellip;]<\/p>\n","protected":false},"author":2,"featured_media":173627,"comment_status":"open","ping_status":"closed","sticky":false,"template":"","format":"standard","meta":{"tdm_status":"","tdm_grid_status":"","footnotes":""},"categories":[379,372,343],"tags":[441],"class_list":{"0":"post-182317","1":"post","2":"type-post","3":"status-publish","4":"format-standard","5":"has-post-thumbnail","7":"category-novelas","8":"category-sbt","9":"category-televisao","10":"tag-resumo-do-dia"},"_links":{"self":[{"href":"https:\/\/migracao.redenoticia.com.br\/noticia\/wp-json\/wp\/v2\/posts\/182317","targetHints":{"allow":["GET"]}}],"collection":[{"href":"https:\/\/migracao.redenoticia.com.br\/noticia\/wp-json\/wp\/v2\/posts"}],"about":[{"href":"https:\/\/migracao.redenoticia.com.br\/noticia\/wp-json\/wp\/v2\/types\/post"}],"author":[{"embeddable":true,"href":"https:\/\/migracao.redenoticia.com.br\/noticia\/wp-json\/wp\/v2\/users\/2"}],"replies":[{"embeddable":true,"href":"https:\/\/migracao.redenoticia.com.br\/noticia\/wp-json\/wp\/v2\/comments?post=182317"}],"version-history":[{"count":0,"href":"https:\/\/migracao.redenoticia.com.br\/noticia\/wp-json\/wp\/v2\/posts\/182317\/revisions"}],"wp:featuredmedia":[{"embeddable":true,"href":"https:\/\/migracao.redenoticia.com.br\/noticia\/wp-json\/wp\/v2\/media\/173627"}],"wp:attachment":[{"href":"https:\/\/migracao.redenoticia.com.br\/noticia\/wp-json\/wp\/v2\/media?parent=182317"}],"wp:term":[{"taxonomy":"category","embeddable":true,"href":"https:\/\/migracao.redenoticia.com.br\/noticia\/wp-json\/wp\/v2\/categories?post=182317"},{"taxonomy":"post_tag","embeddable":true,"href":"https:\/\/migracao.redenoticia.com.br\/noticia\/wp-json\/wp\/v2\/tags?post=182317"}],"curies":[{"name":"wp","href":"https:\/\/api.w.org\/{rel}","templated":true}]}}