{"id":182341,"date":"2019-10-10T19:02:28","date_gmt":"2019-10-10T22:02:28","guid":{"rendered":"https:\/\/www.redenoticia.com.br\/noticia\/?p=182341"},"modified":"2019-10-10T20:21:45","modified_gmt":"2019-10-10T23:21:45","slug":"novela-a-dona-do-pedaco-maria-e-desclassificada-do-reality-de-confeiteiros","status":"publish","type":"post","link":"https:\/\/migracao.redenoticia.com.br\/noticia\/2019\/novela-a-dona-do-pedaco-maria-e-desclassificada-do-reality-de-confeiteiros\/182341","title":{"rendered":"Novela \u201cA Dona do Peda\u00e7o\u201d: Maria \u00e9 desclassificada do reality de confeiteiros"},"content":{"rendered":"<p><strong><em><img loading=\"lazy\" decoding=\"async\" class=\"aligncenter size-large wp-image-175348\" src=\"https:\/\/migracao.redenoticia.com.br\/noticia\/imagens\/A-Dona-do-Pedaco-globo-resumo-314x300.jpg\" alt=\"\" width=\"314\" height=\"300\" srcset=\"https:\/\/migracao.redenoticia.com.br\/noticia\/imagens\/A-Dona-do-Pedaco-globo-resumo-314x300.jpg 314w, https:\/\/migracao.redenoticia.com.br\/noticia\/imagens\/A-Dona-do-Pedaco-globo-resumo-196x187.jpg 196w, https:\/\/migracao.redenoticia.com.br\/noticia\/imagens\/A-Dona-do-Pedaco-globo-resumo.jpg 457w\" sizes=\"auto, (max-width: 314px) 100vw, 314px\" \/>Novela &#8220;A Dona do Peda\u00e7o\u201d:<\/em><\/strong> Maria da Paz (Juliana Paes) se inscreve no reality de confeiteiros Best Cake, apresentado por Ang\u00e9lica. Fabiana (Nathalia Dill) inscreve Abel (Pedro Carvalho) para ele tentar vencer a boleira. Eles passam por v\u00e1rias etapas e chegam na seletiva do Rio de Janeiro. Boninho, jurado do programa, avisa que eles devem sortear um ingrediente diferente para usar na receita. Maria sorteia Flor de Sal, se assusta, mas topa o desafio: &#8220;Um bolo com flor de sal&#8230; Eu vou fazer sim&#8230; Pode deixar que eu fa\u00e7o. T\u00e1 tudo certo&#8221;.<\/p>\n<p>No meio do processo uma concorrente joga flor de sal na massa do bolo. Boninho prova o bolo, diz que ficou muito salgado e a desclassifica. Maria argumenta: &#8220;Desclassificada n\u00e3o&#8230; N\u00e3o pode ser&#8230; Eu fiz o bolo com todo cuidado, todo carinho. N\u00e3o botei sal na massa. S\u00f3 em cima, eu tava em d\u00favida de como usar, mas depois vi a receita, a flor de sal era s\u00f3 pra dar um gostinho &#8230; T\u00e1 salgado, sim. Mas eu n\u00e3o botei sal na massa. Tem alguma coisa errada aqui&#8221;. Ela pede uma nova chance e n\u00e3o consegue. Logo depois, um concorrente passa mal, ela passa por repescagem e ganha o pr\u00eamio final. Cena prevista para dia 15 de outubro na novela \u201cA Dona do Peda\u00e7o\u201d.<\/p>\n<p>Sinopse \u201cA Dona do Peda\u00e7o\u201d: a novela enaltece a trajet\u00f3ria de Maria da Paz (Juliana Paes), uma jovem humilde, da cidade fict\u00edcia de Rio Vermelho, no Esp\u00edrito Santo. Maria vem de uma fam\u00edlia de justiceiros profissionais, os Ramirez, e se apaixona justamente por Amadeu (Marcos Palmeira), advogado formado em Vit\u00f3ria e membro do cl\u00e3 rival nos neg\u00f3cios, os Matheus. A trama, dividida em um pr\u00f3logo e duas fases, traz uma hist\u00f3ria de amor com elementos \u00e0 Romeu e Julieta, sem perder o humor, que permeia todo o folhetim.<\/p>\n","protected":false},"excerpt":{"rendered":"<p>Novela &#8220;A Dona do Peda\u00e7o\u201d: Maria da Paz (Juliana Paes) se inscreve no reality de confeiteiros Best Cake, apresentado por Ang\u00e9lica. Fabiana (Nathalia Dill) inscreve Abel (Pedro Carvalho) para ele tentar vencer a boleira. Eles passam por v\u00e1rias etapas e chegam na seletiva do Rio de Janeiro. Boninho, jurado do programa, avisa que eles devem [&hellip;]<\/p>\n","protected":false},"author":2,"featured_media":175347,"comment_status":"open","ping_status":"closed","sticky":false,"template":"","format":"standard","meta":{"tdm_status":"","tdm_grid_status":"","footnotes":""},"categories":[543,388,379,375,343],"tags":[440],"class_list":{"0":"post-182341","1":"post","2":"type-post","3":"status-publish","4":"format-standard","5":"has-post-thumbnail","7":"category-a-dona-do-pedaco","8":"category-destaques","9":"category-novelas","10":"category-rede-globo","11":"category-televisao","12":"tag-noticia-novela"},"_links":{"self":[{"href":"https:\/\/migracao.redenoticia.com.br\/noticia\/wp-json\/wp\/v2\/posts\/182341","targetHints":{"allow":["GET"]}}],"collection":[{"href":"https:\/\/migracao.redenoticia.com.br\/noticia\/wp-json\/wp\/v2\/posts"}],"about":[{"href":"https:\/\/migracao.redenoticia.com.br\/noticia\/wp-json\/wp\/v2\/types\/post"}],"author":[{"embeddable":true,"href":"https:\/\/migracao.redenoticia.com.br\/noticia\/wp-json\/wp\/v2\/users\/2"}],"replies":[{"embeddable":true,"href":"https:\/\/migracao.redenoticia.com.br\/noticia\/wp-json\/wp\/v2\/comments?post=182341"}],"version-history":[{"count":0,"href":"https:\/\/migracao.redenoticia.com.br\/noticia\/wp-json\/wp\/v2\/posts\/182341\/revisions"}],"wp:featuredmedia":[{"embeddable":true,"href":"https:\/\/migracao.redenoticia.com.br\/noticia\/wp-json\/wp\/v2\/media\/175347"}],"wp:attachment":[{"href":"https:\/\/migracao.redenoticia.com.br\/noticia\/wp-json\/wp\/v2\/media?parent=182341"}],"wp:term":[{"taxonomy":"category","embeddable":true,"href":"https:\/\/migracao.redenoticia.com.br\/noticia\/wp-json\/wp\/v2\/categories?post=182341"},{"taxonomy":"post_tag","embeddable":true,"href":"https:\/\/migracao.redenoticia.com.br\/noticia\/wp-json\/wp\/v2\/tags?post=182341"}],"curies":[{"name":"wp","href":"https:\/\/api.w.org\/{rel}","templated":true}]}}