{"id":182371,"date":"2019-09-23T11:36:36","date_gmt":"2019-09-23T14:36:36","guid":{"rendered":"https:\/\/www.redenoticia.com.br\/noticia\/?p=182371"},"modified":"2019-09-23T11:36:41","modified_gmt":"2019-09-23T14:36:41","slug":"resumo-novela-abismo-de-paixao-24-09-augusto-pensa-em-fazer-uma-prova-de-dna","status":"publish","type":"post","link":"https:\/\/migracao.redenoticia.com.br\/noticia\/2019\/resumo-novela-abismo-de-paixao-24-09-augusto-pensa-em-fazer-uma-prova-de-dna\/182371","title":{"rendered":"Resumo novela \u201cAbismo de Paix\u00e3o\u201d 24\/09: Augusto pensa em fazer uma prova de DNA"},"content":{"rendered":"<p><img loading=\"lazy\" decoding=\"async\" class=\"aligncenter size-large wp-image-181127\" src=\"https:\/\/migracao.redenoticia.com.br\/noticia\/imagens\/abismo-de-paixao-sbt-resumo-327x300.jpg\" alt=\"\" width=\"327\" height=\"300\" srcset=\"https:\/\/migracao.redenoticia.com.br\/noticia\/imagens\/abismo-de-paixao-sbt-resumo-327x300.jpg 327w, https:\/\/migracao.redenoticia.com.br\/noticia\/imagens\/abismo-de-paixao-sbt-resumo-204x187.jpg 204w, https:\/\/migracao.redenoticia.com.br\/noticia\/imagens\/abismo-de-paixao-sbt-resumo.jpg 426w\" sizes=\"auto, (max-width: 327px) 100vw, 327px\" \/><\/p>\n<p>Resumo da novela<strong><em> \u201cAbismo de Paix\u00e3o\u201d&nbsp;<\/em><\/strong> em 24\/09: no cap\u00edtulo 021(*) da novela, ter\u00e7a-feira, 24 de setembro, Elisa confessa a Paloma que est\u00e1 apaixonada por Dami\u00e3o. Paloma recomenda que lute por ele, e se esque\u00e7a das intrigas de Carmen e de Flor\u00eancia. Carmen responde que essa luta ela j\u00e1 perdeu, pois Dami\u00e3o ir\u00e1 se casar com outra mulher. Paloma aconselha Elisa a n\u00e3o se dar por vencida antes de lutar. Carmen diz a Edmundo que est\u00e1 muito pesarosa pelo que ocorreu entre eles, pois ambos s\u00e3o casados.<\/p>\n<p>Ela ainda o diz que n\u00e3o pode repetir a mesma hist\u00f3ria de sua irm\u00e3, pois Augusto n\u00e3o resistiria. Augusto diz a Edmundo que quer saber se pode confiar nele, pois est\u00e1 pensando seriamente em fazer uma prova de DNA para saber se Elisa realmente \u00e9 sua filha. Paulo comenta com Flor\u00eancia que Elisa n\u00e3o quer ir a festa. Flor\u00eancia responde que pelo que ela sabe, Elisa n\u00e3o quer ir com ele, mas ir\u00e1 a festa.<\/p>\n<p>(*) edi\u00e7\u00e3o do SBT, Novela \u201cAbismo de Paix\u00e3o\u201d, sujeito a altera\u00e7\u00e3o de data e conte\u00fado.<\/p>\n<p>&#8220;Abismo de Paix\u00e3o&#8221;- Augusto Casta\u00f1\u00f3n (Alejandro Camacho) e Estef\u00e2nia Bouvier de Casta\u00f1\u00f3n (Ludwika Paleta) s\u00e3o pais de Elisa (Angelique Boyer). Com eles vive Carmen Bouvier (Sabine Moussier), irm\u00e3 mais velha de Estef\u00e2nia e que vai fugir do povoado com Rog\u00e9rio Arango (C\u00e9sar \u00c9vora), esposo de Almerinda Arango (Blanca Guerra) e pai de Dami\u00e3o (David Zepeda), melhor amigo de Elisa. Almerinda descobre e alerta a Augusto.<\/p>\n<p>Por sua parte, Estef\u00e2nia tenta impedir Rog\u00e9rio a n\u00e3o abandonar sua fam\u00edlia, mas devido ao intemp\u00e9rie da chuva, ambos morrem em um acidente de carro. Carmem aproveita o fato para fazer Augusto acreditar que sua esposa era infiel. Augusto, por despeito, casa-se com Carmem, apesar de n\u00e3o estar apaixonado por ela e nem am\u00e1-la. Carmem est\u00e1 gr\u00e1vida de Rog\u00e9rio, mas mente para Augusto, dizendo que o filho \u00e9 dele. Querendo bater em Elisa, Carmem escorrega e cai na piscina da casa, causando morte s\u00fabita ao beb\u00ea. Por sua parte, Almerinda decide mandar a Dami\u00e3o para fora do povoado a estudar para separ\u00e1-lo de Elisa de quem \u00e9 muito amigo, amizade que ela n\u00e3o v\u00ea com bons olhos, ap\u00f3s inocentemente os dois fugirem juntos.<\/p>\n","protected":false},"excerpt":{"rendered":"<p>Resumo da novela \u201cAbismo de Paix\u00e3o\u201d&nbsp; em 24\/09: no cap\u00edtulo 021(*) da novela, ter\u00e7a-feira, 24 de setembro, Elisa confessa a Paloma que est\u00e1 apaixonada por Dami\u00e3o. Paloma recomenda que lute por ele, e se esque\u00e7a das intrigas de Carmen e de Flor\u00eancia. Carmen responde que essa luta ela j\u00e1 perdeu, pois Dami\u00e3o ir\u00e1 se casar [&hellip;]<\/p>\n","protected":false},"author":4,"featured_media":181126,"comment_status":"open","ping_status":"closed","sticky":false,"template":"","format":"standard","meta":{"tdm_status":"","tdm_grid_status":"","footnotes":""},"categories":[379,372,343],"tags":[441],"class_list":{"0":"post-182371","1":"post","2":"type-post","3":"status-publish","4":"format-standard","5":"has-post-thumbnail","7":"category-novelas","8":"category-sbt","9":"category-televisao","10":"tag-resumo-do-dia"},"_links":{"self":[{"href":"https:\/\/migracao.redenoticia.com.br\/noticia\/wp-json\/wp\/v2\/posts\/182371","targetHints":{"allow":["GET"]}}],"collection":[{"href":"https:\/\/migracao.redenoticia.com.br\/noticia\/wp-json\/wp\/v2\/posts"}],"about":[{"href":"https:\/\/migracao.redenoticia.com.br\/noticia\/wp-json\/wp\/v2\/types\/post"}],"author":[{"embeddable":true,"href":"https:\/\/migracao.redenoticia.com.br\/noticia\/wp-json\/wp\/v2\/users\/4"}],"replies":[{"embeddable":true,"href":"https:\/\/migracao.redenoticia.com.br\/noticia\/wp-json\/wp\/v2\/comments?post=182371"}],"version-history":[{"count":0,"href":"https:\/\/migracao.redenoticia.com.br\/noticia\/wp-json\/wp\/v2\/posts\/182371\/revisions"}],"wp:featuredmedia":[{"embeddable":true,"href":"https:\/\/migracao.redenoticia.com.br\/noticia\/wp-json\/wp\/v2\/media\/181126"}],"wp:attachment":[{"href":"https:\/\/migracao.redenoticia.com.br\/noticia\/wp-json\/wp\/v2\/media?parent=182371"}],"wp:term":[{"taxonomy":"category","embeddable":true,"href":"https:\/\/migracao.redenoticia.com.br\/noticia\/wp-json\/wp\/v2\/categories?post=182371"},{"taxonomy":"post_tag","embeddable":true,"href":"https:\/\/migracao.redenoticia.com.br\/noticia\/wp-json\/wp\/v2\/tags?post=182371"}],"curies":[{"name":"wp","href":"https:\/\/api.w.org\/{rel}","templated":true}]}}