{"id":182373,"date":"2019-09-23T11:37:38","date_gmt":"2019-09-23T14:37:38","guid":{"rendered":"https:\/\/www.redenoticia.com.br\/noticia\/?p=182373"},"modified":"2019-09-23T11:37:41","modified_gmt":"2019-09-23T14:37:41","slug":"resumo-novela-a-que-nao-podia-amar-24-09-cintia-ameaca-se-jogar-pela-janela","status":"publish","type":"post","link":"https:\/\/migracao.redenoticia.com.br\/noticia\/2019\/resumo-novela-a-que-nao-podia-amar-24-09-cintia-ameaca-se-jogar-pela-janela\/182373","title":{"rendered":"Resumo novela \u201cA Que N\u00e3o Podia Amar\u201d 24\/09: C\u00edntia amea\u00e7a se jogar pela janela"},"content":{"rendered":"<p><strong><em><img loading=\"lazy\" decoding=\"async\" class=\"aligncenter size-large wp-image-173635\" src=\"https:\/\/migracao.redenoticia.com.br\/noticia\/imagens\/a-que-nao-podia-amar-400x271.jpg\" alt=\"\" width=\"400\" height=\"271\" srcset=\"https:\/\/migracao.redenoticia.com.br\/noticia\/imagens\/a-que-nao-podia-amar-400x271.jpg 400w, https:\/\/migracao.redenoticia.com.br\/noticia\/imagens\/a-que-nao-podia-amar-250x169.jpg 250w, https:\/\/migracao.redenoticia.com.br\/noticia\/imagens\/a-que-nao-podia-amar-560x379.jpg 560w, https:\/\/migracao.redenoticia.com.br\/noticia\/imagens\/a-que-nao-podia-amar.jpg 620w\" sizes=\"auto, (max-width: 400px) 100vw, 400px\" \/><\/em><\/strong><\/p>\n<p>Resumo da novela<strong><em> \u201cA Que N\u00e3o Podia Amar\u201d&nbsp;<\/em><\/strong> em 24\/09: no cap\u00edtulo 122(*) da novela, ter\u00e7a-feira, 24 de setembro, C\u00edntia recrimina Ana Paula por causa de Gustavo e Rog\u00e9rio se enfrentarem por ela, e lhe pergunta se o que pretende agora \u00e9 reatar com Gustavo. Por outro lado, Bruno consola Rosaura porque agora todos seus planos se arruinaram ao ir embora da fazenda. Ana Paula diz a Rog\u00e9rio que \u00e9 uma pena o que ele fez, j\u00e1 que todo o amor que sente por ele ir\u00e1 para o lixo.<\/p>\n<p>Gustavo conversa com C\u00edntia para deixar claro que por respeito ao seu casamento e a seu filho n\u00e3o voltar\u00e1 a procurar Ana Paula. Mais tarde, Maria pergunta ao engenheiro se realmente n\u00e3o vai mais procurar a ex. Enquanto isso, Elias est\u00e1 muito iludido com o nascimento de seu filho e diz a C\u00edntia que quer que o beb\u00ea leve seu nome. Vanessa escuta tudo e fica sabendo do romance dos dois.<\/p>\n<p>C\u00edntia procura Ana Paula para zombar de sua situa\u00e7\u00e3o. Rog\u00e9rio conversa com M\u00e1rcia para proibi-la de dar trabalho a Ana Paula, caso contr\u00e1rio pode perder suas propriedades. Mais tarde, C\u00edntia discute com Gustavo pelo cuidado que ele tem com Ana Paula, adverte que se n\u00e3o a ama vai se desfazer do filho que est\u00e1 esperando.<\/p>\n<p>Por outro lado, Ana Paula esclarece a Vanessa que ama a Rog\u00e9rio, mas esta lhe diz que n\u00e3o importa porque ele j\u00e1 n\u00e3o a ama. Enquanto isso, C\u00edntia est\u00e1 desespera por n\u00e3o ter o amor de Gustavo e coloca sua vida em risco ao querer se jogar pela janela.<\/p>\n<p>(*) edi\u00e7\u00e3o do SBT, Novela \u201cA Que N\u00e3o Podia Amar\u201d, sujeito a altera\u00e7\u00e3o de data e conte\u00fado.<\/p>\n<p>Destaques<\/p>\n<p>&#8220;A Que N\u00e3o Podia Amar&#8221;- Ana Paula, uma enfermeira humilde que se v\u00ea obrigada a trabalhar na casa de Rog\u00e9rio Montero (Jorge Salinas), um homem amargurado. Rog\u00e9rio sofre por ser parapl\u00e9gico e destrata todas as pessoas. Ana Paula atura tudo calada e o rica\u00e7o se apaixona por ela.<\/p>\n<p>Ana conhece Gustavo Duran (Jos\u00e9 Ron), um engenheiro nobre e trabalhador. Os dois se apaixonam, mas ter\u00e3o de enfrentar Rog\u00e9rio, j\u00e1 que ele tamb\u00e9m gosta da mocinha, formando assim, um tri\u00e2ngulo amoroso com terr\u00edveis consequ\u00eancias.<\/p>\n","protected":false},"excerpt":{"rendered":"<p>Resumo da novela \u201cA Que N\u00e3o Podia Amar\u201d&nbsp; em 24\/09: no cap\u00edtulo 122(*) da novela, ter\u00e7a-feira, 24 de setembro, C\u00edntia recrimina Ana Paula por causa de Gustavo e Rog\u00e9rio se enfrentarem por ela, e lhe pergunta se o que pretende agora \u00e9 reatar com Gustavo. Por outro lado, Bruno consola Rosaura porque agora todos seus [&hellip;]<\/p>\n","protected":false},"author":4,"featured_media":173627,"comment_status":"open","ping_status":"closed","sticky":false,"template":"","format":"standard","meta":{"tdm_status":"","tdm_grid_status":"","footnotes":""},"categories":[379,372,343],"tags":[441],"class_list":{"0":"post-182373","1":"post","2":"type-post","3":"status-publish","4":"format-standard","5":"has-post-thumbnail","7":"category-novelas","8":"category-sbt","9":"category-televisao","10":"tag-resumo-do-dia"},"_links":{"self":[{"href":"https:\/\/migracao.redenoticia.com.br\/noticia\/wp-json\/wp\/v2\/posts\/182373","targetHints":{"allow":["GET"]}}],"collection":[{"href":"https:\/\/migracao.redenoticia.com.br\/noticia\/wp-json\/wp\/v2\/posts"}],"about":[{"href":"https:\/\/migracao.redenoticia.com.br\/noticia\/wp-json\/wp\/v2\/types\/post"}],"author":[{"embeddable":true,"href":"https:\/\/migracao.redenoticia.com.br\/noticia\/wp-json\/wp\/v2\/users\/4"}],"replies":[{"embeddable":true,"href":"https:\/\/migracao.redenoticia.com.br\/noticia\/wp-json\/wp\/v2\/comments?post=182373"}],"version-history":[{"count":0,"href":"https:\/\/migracao.redenoticia.com.br\/noticia\/wp-json\/wp\/v2\/posts\/182373\/revisions"}],"wp:featuredmedia":[{"embeddable":true,"href":"https:\/\/migracao.redenoticia.com.br\/noticia\/wp-json\/wp\/v2\/media\/173627"}],"wp:attachment":[{"href":"https:\/\/migracao.redenoticia.com.br\/noticia\/wp-json\/wp\/v2\/media?parent=182373"}],"wp:term":[{"taxonomy":"category","embeddable":true,"href":"https:\/\/migracao.redenoticia.com.br\/noticia\/wp-json\/wp\/v2\/categories?post=182373"},{"taxonomy":"post_tag","embeddable":true,"href":"https:\/\/migracao.redenoticia.com.br\/noticia\/wp-json\/wp\/v2\/tags?post=182373"}],"curies":[{"name":"wp","href":"https:\/\/api.w.org\/{rel}","templated":true}]}}