{"id":182418,"date":"2019-09-26T23:38:46","date_gmt":"2019-09-27T02:38:46","guid":{"rendered":"https:\/\/www.redenoticia.com.br\/noticia\/?p=182418"},"modified":"2019-09-26T23:39:06","modified_gmt":"2019-09-27T02:39:06","slug":"a-fazenda-11-2019-votacao-em-drika-e-guilherme-movimenta-a-enquete-da-roca","status":"publish","type":"post","link":"https:\/\/migracao.redenoticia.com.br\/noticia\/2019\/a-fazenda-11-2019-votacao-em-drika-e-guilherme-movimenta-a-enquete-da-roca\/182418","title":{"rendered":"&#8220;A Fazenda&#8221; 11 (2019): vota\u00e7\u00e3o em Drika e Guilherme movimentou a enquete da ro\u00e7a"},"content":{"rendered":"<p><img loading=\"lazy\" decoding=\"async\" class=\"aligncenter size-large wp-image-182421\" src=\"https:\/\/migracao.redenoticia.com.br\/noticia\/imagens\/a-fazenda-enquete-resultado-316x300.jpg\" alt=\"\" width=\"316\" height=\"300\" srcset=\"https:\/\/migracao.redenoticia.com.br\/noticia\/imagens\/a-fazenda-enquete-resultado-316x300.jpg 316w, https:\/\/migracao.redenoticia.com.br\/noticia\/imagens\/a-fazenda-enquete-resultado-197x187.jpg 197w, https:\/\/migracao.redenoticia.com.br\/noticia\/imagens\/a-fazenda-enquete-resultado.jpg 520w\" sizes=\"auto, (max-width: 316px) 100vw, 316px\" \/> <strong><em>&#8220;A Fazenda&#8221; 11 (2019) enquete<\/em><\/strong> vota\u00e7\u00e3o em Drika e Guilherme: Com a vota\u00e7\u00e3o encerrada, Guilherme recebeu 53,84% dos votos do p\u00fablico e continua no jogo. Drika se despediu de &#8220;A Fazenda&#8221; 2019. A primeira ro\u00e7a desta edi\u00e7\u00e3o come\u00e7ou na noite desta segunda-feira, 23\/09, quando Netto abriu o Lampi\u00e3o, ficou com o poder da Chama Vermelha, trocou Guilherme por T\u00falio na baia, e deu o poder da Chama Azul para Drika: o fazendeiro ganha 20 mil reais se indic\u00e1-la para a ro\u00e7a. A Fazendeira Tati n\u00e3o quis o dinheiro e indicou Bif\u00e3o para a ro\u00e7a. Guilherme foi o mais votado e indicou Drika. Bif\u00e3o, Guilherme e Drika disputaram a prova do Fazendeiro nesta ter\u00e7a (24). Bif\u00e3o conquistou a caixa rosa do chap\u00e9u do Fazendeiro, definida pelo p\u00fablico, e se livrou da ro\u00e7a. Drika conquistou a caixa verde com 20 mil reais, e foi para a ro\u00e7a. Guilherme conquistou a caixa roxa, vazia, e foi para a ro\u00e7a. Veja o resultado da enquete:<\/p>\n<p><script type=\"text\/javascript\" charset=\"utf-8\" data-cfasync=\"false\" src=\"https:\/\/secure.polldaddy.com\/p\/10416878.js\"><\/script><br \/>\n<noscript><a href=\"https:\/\/poll.fm\/10416878\">Entre Drika e Guilherme, quem deve continuar em &#8220;A Fazenda&#8221;?<\/a><\/noscript><\/p>\n<p>Se voc\u00ea n\u00e3o est\u00e1 vendo a enquete &#8220;A Fazenda&#8221; 11, clique no link &#8211; <a href=\"https:\/\/migracao.redenoticia.com.br\/noticia\/2019\/a-fazenda-11-2019-votacao-em-drika-e-guilherme-movimenta-a-enquete-da-roca\/182418\">\u201cA Fazenda\u201d 11 (2019): vota\u00e7\u00e3o em Drika e Guilherme movimentou a enquete da ro\u00e7a<\/a><\/p>\n<p>Resultado parcial<br \/>\n25\/09, 05h02: Drika 51,97%; Guilherme 48,03%. Total de Votos 1.297.<br \/>\n25\/09, 20h40: Guilherme 50,30%; Drika 49,70%. Total de Votos 7.061.<br \/>\n26\/09, 22h24: Guilherme 58,28%; Drika 41,72%. Total de Votos 20.684.<\/p>\n<p>O voto v\u00e1lido foi registrado no portal oficial do programa.<\/p>\n<p>&#8212;<br \/>\nEquipe Sol 2019 &#8211; Aricia Silva, Andr\u00e9a N\u00f3brega, Guilherme Le\u00e3o, Drika Marinho, Phellipe Haagensen, Viny Vieira, Bif\u00e3o e NettoDJ.<\/p>\n<p>Equipe Lua 2019 &#8211; Thayse Teixeira, Hari Almeida, Sabrina Paiva, Lucas Viana, Tati Dias, Rodrigo Phavanello, T\u00falio Maravilha e Diego Grossi.<\/p>\n<p>&#8212;<br \/>\nPe\u00f5es de 2019<\/p>\n<p>01 &#8211; Andr\u00e9a de N\u00f3brega, ex-mulher de Carlos Alberto, fez parte de A Pra\u00e7a \u00c9 Nossa;<\/p>\n<p>02 &#8211; Aricia Silva, do P\u00e2nico;<\/p>\n<p>03 &#8211; Diego Grossi, do BBB;<\/p>\n<p>04 &#8211; Drika Marinho, do Power Couple;<\/p>\n<p>05 &#8211; Guilherme Le\u00e3o, modelo, o &#8220;seguran\u00e7a gato do Metr\u00f4&#8221;;<\/p>\n<p>06 &#8211; Hariany Almeida, do BBB;<\/p>\n<p>07 &#8211; Jhenyfer Dulz, conhecida como Bif\u00e3o, do De F\u00e9rias Com o Ex;<\/p>\n<p>08 &#8211; Lucas Viana, do Are You The One? Brasil, reality de forma\u00e7\u00e3o de casais;<\/p>\n<p>09 &#8211; Netto Rodrigues, que usa o nome art\u00edstico de NettoDJ;<\/p>\n<p>10 &#8211; Phellipe Haagensen, ator;<\/p>\n<p>11 &#8211; Rodrigo Phavanello, ator;<\/p>\n<p>12 &#8211; Sabrina de Paiva, Miss S\u00e3o Paulo em 2016;<\/p>\n<p>13 &#8211; Tati Dias, do De F\u00e9rias Com o Ex;<\/p>\n<p>14 &#8211; Thayse Teixeira, influenciadora digital, conhecida como a &#8220;Dona do Cariri&#8221;;<\/p>\n<p>15 &#8211; T\u00falio Maravilha, ex-jogador de futebol;<\/p>\n<p>16 &#8211; Viny Vieira, o Gluglu do P\u00e2nico.<\/p>\n<p>Nesta edi\u00e7\u00e3o, ap\u00f3s cada elimina\u00e7\u00e3o haver\u00e1 uma live transmitida em todas as redes sociais do programa, comandada pelo humorista Lucas Salles, ao lado dos youtubers Tati e Marcelo da WebTVBrasileira.<\/p>\n<p>O reality show tem dire\u00e7\u00e3o do n\u00facleo de realities de Rodrigo Carelli, dire\u00e7\u00e3o geral de Fernando Viudez e produ\u00e7\u00e3o da Teleimage.<\/p>\n<p>&#8220;A Fazenda&#8221; Record<\/p>\n","protected":false},"excerpt":{"rendered":"<p>&#8220;A Fazenda&#8221; 11 (2019) enquete vota\u00e7\u00e3o em Drika e Guilherme: Com a vota\u00e7\u00e3o encerrada, Guilherme recebeu 53,84% dos votos do p\u00fablico e continua no jogo. Drika se despediu de &#8220;A Fazenda&#8221; 2019. A primeira ro\u00e7a desta edi\u00e7\u00e3o come\u00e7ou na noite desta segunda-feira, 23\/09, quando Netto abriu o Lampi\u00e3o, ficou com o poder da Chama Vermelha, [&hellip;]<\/p>\n","protected":false},"author":2,"featured_media":182419,"comment_status":"open","ping_status":"closed","sticky":false,"template":"","format":"standard","meta":{"tdm_status":"","tdm_grid_status":"","footnotes":""},"categories":[406,371,343],"tags":[521],"class_list":{"0":"post-182418","1":"post","2":"type-post","3":"status-publish","4":"format-standard","5":"has-post-thumbnail","7":"category-a-fazenda","8":"category-rede-record","9":"category-televisao","10":"tag-enquete"},"_links":{"self":[{"href":"https:\/\/migracao.redenoticia.com.br\/noticia\/wp-json\/wp\/v2\/posts\/182418","targetHints":{"allow":["GET"]}}],"collection":[{"href":"https:\/\/migracao.redenoticia.com.br\/noticia\/wp-json\/wp\/v2\/posts"}],"about":[{"href":"https:\/\/migracao.redenoticia.com.br\/noticia\/wp-json\/wp\/v2\/types\/post"}],"author":[{"embeddable":true,"href":"https:\/\/migracao.redenoticia.com.br\/noticia\/wp-json\/wp\/v2\/users\/2"}],"replies":[{"embeddable":true,"href":"https:\/\/migracao.redenoticia.com.br\/noticia\/wp-json\/wp\/v2\/comments?post=182418"}],"version-history":[{"count":0,"href":"https:\/\/migracao.redenoticia.com.br\/noticia\/wp-json\/wp\/v2\/posts\/182418\/revisions"}],"wp:featuredmedia":[{"embeddable":true,"href":"https:\/\/migracao.redenoticia.com.br\/noticia\/wp-json\/wp\/v2\/media\/182419"}],"wp:attachment":[{"href":"https:\/\/migracao.redenoticia.com.br\/noticia\/wp-json\/wp\/v2\/media?parent=182418"}],"wp:term":[{"taxonomy":"category","embeddable":true,"href":"https:\/\/migracao.redenoticia.com.br\/noticia\/wp-json\/wp\/v2\/categories?post=182418"},{"taxonomy":"post_tag","embeddable":true,"href":"https:\/\/migracao.redenoticia.com.br\/noticia\/wp-json\/wp\/v2\/tags?post=182418"}],"curies":[{"name":"wp","href":"https:\/\/api.w.org\/{rel}","templated":true}]}}