{"id":182424,"date":"2019-10-03T22:48:53","date_gmt":"2019-10-04T01:48:53","guid":{"rendered":"https:\/\/www.redenoticia.com.br\/noticia\/?p=182424"},"modified":"2019-10-03T22:54:59","modified_gmt":"2019-10-04T01:54:59","slug":"novela-a-dona-do-pedaco-camilo-e-apresentado-para-yohana","status":"publish","type":"post","link":"https:\/\/migracao.redenoticia.com.br\/noticia\/2019\/novela-a-dona-do-pedaco-camilo-e-apresentado-para-yohana\/182424","title":{"rendered":"Novela \u201cA Dona do Peda\u00e7o\u201d: Camilo \u00e9 apresentado para Yohana"},"content":{"rendered":"<p><img loading=\"lazy\" decoding=\"async\" src=\"https:\/\/migracao.redenoticia.com.br\/noticia\/imagens\/A-Dona-do-Pedaco-globo-261x300.jpg\" alt=\"\" width=\"261\" height=\"300\" class=\"aligncenter size-large wp-image-175347\" srcset=\"https:\/\/migracao.redenoticia.com.br\/noticia\/imagens\/A-Dona-do-Pedaco-globo-261x300.jpg 261w, https:\/\/migracao.redenoticia.com.br\/noticia\/imagens\/A-Dona-do-Pedaco-globo-163x187.jpg 163w, https:\/\/migracao.redenoticia.com.br\/noticia\/imagens\/A-Dona-do-Pedaco-globo.jpg 600w\" sizes=\"auto, (max-width: 261px) 100vw, 261px\" \/> <strong><em>Novela &#8220;A Dona do Peda\u00e7o\u201d:<\/em><\/strong> Camilo (Lee Taylor) chega em sua sala e v\u00ea o delegado apresenta Yohana (Monique Alfradique), a nova investigadora: \u201cA Yohana foi lotada nesta delegacia &#8230;. A Yohana vai trabalhar com voc\u00ea\u201d. Camilo reclama: \u201cComigo? Sinceramente, eu n\u00e3o preciso. Ainda mais de uma mulher &#8230; Eu n\u00e3o quero ningu\u00e9m trabalhando comigo\u201d.<\/p>\n<p>O delegado reclama: \u201cDesde que se casou, est\u00e1 estranho, Camilo. N\u00e3o cumpre os hor\u00e1rios como antes &#8230; O inqu\u00e9rito sobre aqueles dois homic\u00eddios n\u00e3o progrediu. Imagine s\u00f3, um homem \u00e9 atirado embaixo de um caminh\u00e3o, em plena tarde e voc\u00ea n\u00e3o avan\u00e7ou um passo&#8230; O garoto de programa foi jogado de um pr\u00e9dio e voc\u00ea tamb\u00e9m n\u00e3o avan\u00e7ou &#8230; Quero resultados mais concretos. A investigadora Yohana \u00e9 competente. Vai trabalhar com ela. N\u00e3o \u00e9 uma op\u00e7\u00e3o\u201d.<\/p>\n<p>Camilo acalma e fala com Yohana: \u201cEu repassarei os dois casos com voc\u00ea. Mas j\u00e1 temos um suspeito. R\u00e9gis Mantovani, eu explico tudo\u201d. Yohana concorda. Cena prevista para dia 15 de outubro na novela \u201cA Dona do Peda\u00e7o\u201d.<\/p>\n<p>Sinopse \u201cA Dona do Peda\u00e7o\u201d: a novela enaltece a trajet\u00f3ria de Maria da Paz (Juliana Paes), uma jovem humilde, da cidade fict\u00edcia de Rio Vermelho, no Esp\u00edrito Santo. Maria vem de uma fam\u00edlia de justiceiros profissionais, os Ramirez, e se apaixona justamente por Amadeu (Marcos Palmeira), advogado formado em Vit\u00f3ria e membro do cl\u00e3 rival nos neg\u00f3cios, os Matheus. A trama, dividida em um pr\u00f3logo e duas fases, traz uma hist\u00f3ria de amor com elementos \u00e0 Romeu e Julieta, sem perder o humor, que permeia todo o folhetim.<\/p>\n","protected":false},"excerpt":{"rendered":"<p>Novela &#8220;A Dona do Peda\u00e7o\u201d: Camilo (Lee Taylor) chega em sua sala e v\u00ea o delegado apresenta Yohana (Monique Alfradique), a nova investigadora: \u201cA Yohana foi lotada nesta delegacia &#8230;. A Yohana vai trabalhar com voc\u00ea\u201d. Camilo reclama: \u201cComigo? Sinceramente, eu n\u00e3o preciso. Ainda mais de uma mulher &#8230; Eu n\u00e3o quero ningu\u00e9m trabalhando comigo\u201d. [&hellip;]<\/p>\n","protected":false},"author":2,"featured_media":175348,"comment_status":"open","ping_status":"closed","sticky":false,"template":"","format":"standard","meta":{"tdm_status":"","tdm_grid_status":"","footnotes":""},"categories":[543,379,375,343],"tags":[440],"class_list":{"0":"post-182424","1":"post","2":"type-post","3":"status-publish","4":"format-standard","5":"has-post-thumbnail","7":"category-a-dona-do-pedaco","8":"category-novelas","9":"category-rede-globo","10":"category-televisao","11":"tag-noticia-novela"},"_links":{"self":[{"href":"https:\/\/migracao.redenoticia.com.br\/noticia\/wp-json\/wp\/v2\/posts\/182424","targetHints":{"allow":["GET"]}}],"collection":[{"href":"https:\/\/migracao.redenoticia.com.br\/noticia\/wp-json\/wp\/v2\/posts"}],"about":[{"href":"https:\/\/migracao.redenoticia.com.br\/noticia\/wp-json\/wp\/v2\/types\/post"}],"author":[{"embeddable":true,"href":"https:\/\/migracao.redenoticia.com.br\/noticia\/wp-json\/wp\/v2\/users\/2"}],"replies":[{"embeddable":true,"href":"https:\/\/migracao.redenoticia.com.br\/noticia\/wp-json\/wp\/v2\/comments?post=182424"}],"version-history":[{"count":0,"href":"https:\/\/migracao.redenoticia.com.br\/noticia\/wp-json\/wp\/v2\/posts\/182424\/revisions"}],"wp:featuredmedia":[{"embeddable":true,"href":"https:\/\/migracao.redenoticia.com.br\/noticia\/wp-json\/wp\/v2\/media\/175348"}],"wp:attachment":[{"href":"https:\/\/migracao.redenoticia.com.br\/noticia\/wp-json\/wp\/v2\/media?parent=182424"}],"wp:term":[{"taxonomy":"category","embeddable":true,"href":"https:\/\/migracao.redenoticia.com.br\/noticia\/wp-json\/wp\/v2\/categories?post=182424"},{"taxonomy":"post_tag","embeddable":true,"href":"https:\/\/migracao.redenoticia.com.br\/noticia\/wp-json\/wp\/v2\/tags?post=182424"}],"curies":[{"name":"wp","href":"https:\/\/api.w.org\/{rel}","templated":true}]}}