{"id":182432,"date":"2019-09-24T16:51:37","date_gmt":"2019-09-24T19:51:37","guid":{"rendered":"https:\/\/www.redenoticia.com.br\/noticia\/?p=182432"},"modified":"2019-09-24T16:51:37","modified_gmt":"2019-09-24T19:51:37","slug":"resumo-novela-abismo-de-paixao-25-09-almerinda-convida-elisa-para-a-festa","status":"publish","type":"post","link":"https:\/\/migracao.redenoticia.com.br\/noticia\/2019\/resumo-novela-abismo-de-paixao-25-09-almerinda-convida-elisa-para-a-festa\/182432","title":{"rendered":"Resumo novela \u201cAbismo de Paix\u00e3o\u201d 25\/09: Almerinda convida Elisa para a festa"},"content":{"rendered":"<p><img loading=\"lazy\" decoding=\"async\" class=\"aligncenter size-large wp-image-181127\" src=\"https:\/\/migracao.redenoticia.com.br\/noticia\/imagens\/abismo-de-paixao-sbt-resumo-327x300.jpg\" alt=\"\" width=\"327\" height=\"300\" srcset=\"https:\/\/migracao.redenoticia.com.br\/noticia\/imagens\/abismo-de-paixao-sbt-resumo-327x300.jpg 327w, https:\/\/migracao.redenoticia.com.br\/noticia\/imagens\/abismo-de-paixao-sbt-resumo-204x187.jpg 204w, https:\/\/migracao.redenoticia.com.br\/noticia\/imagens\/abismo-de-paixao-sbt-resumo.jpg 426w\" sizes=\"auto, (max-width: 327px) 100vw, 327px\" \/><br \/>\nResumo da novela<strong><em> \u201cAbismo de Paix\u00e3o\u201d\u00a0<\/em><\/strong> em 25\/09: no cap\u00edtulo 022(*) da novela, quarta-feira, 25 de setembro, Paulo, soberbo, diz que \u00e9 obvio que Elisa quer ir com ele. Dami\u00e3o furioso, o adverte que se o ver pr\u00f3ximo a Elisa, o mandar\u00e1 embora na mesma hora de sua fazenda. Flor\u00eancia diz a Dami\u00e3o que se Paulo for, ela ir\u00e1 com ele. Almerinda houve toda a discuss\u00e3o e pede a Dami\u00e3o que reconsidere sua posi\u00e7\u00e3o, pois a festa de compromisso precisa ser perfeita. Flor\u00eancia adverte Paulo que n\u00e3o quer Elisa em sua festa de compromisso, e chorando, diz a Almerinda que Dami\u00e3o defendeu Elisa, e saiu sem se importar se ela ficava ou n\u00e3o na fazenda. Almerinda diz a Flor\u00eancia que sabe que Dami\u00e3o a ama, e que Elisa \u00e9 apenas uma pessoa por quem Dami\u00e3o tem um carinho especial pela conviv\u00eancia na inf\u00e2ncia.<\/p>\n<p>Almerinda vai \u00e0 casa de Elisa para lhe dizer que sabe que Flor\u00eancia a convidou para a sua festa de compromisso com Dami\u00e3o e, como soube que ela n\u00e3o desejava ir, foi pessoalmente convid\u00e1-la. Elisa responde que n\u00e3o acredita em nada do que ela diz, pois dep\u00f5e contra ela os muitos anos em que a maltratou. Almerinda diz que a custou muito trabalho vencer seu orgulho, e esperava outra atitude da parte de Elisa. Ela ainda diz que poderiam melhorar as rela\u00e7\u00f5es entre as fam\u00edlias, e assim a processadora Arango poderia voltar a comprar a produ\u00e7\u00e3o de Augusto.<\/p>\n<p>(*) edi\u00e7\u00e3o do SBT, Novela \u201cAbismo de Paix\u00e3o\u201d, sujeito a altera\u00e7\u00e3o de data e conte\u00fado.<\/p>\n<p>&#8220;Abismo de Paix\u00e3o&#8221;- Augusto Casta\u00f1\u00f3n (Alejandro Camacho) e Estef\u00e2nia Bouvier de Casta\u00f1\u00f3n (Ludwika Paleta) s\u00e3o pais de Elisa (Angelique Boyer). Com eles vive Carmen Bouvier (Sabine Moussier), irm\u00e3 mais velha de Estef\u00e2nia e que vai fugir do povoado com Rog\u00e9rio Arango (C\u00e9sar \u00c9vora), esposo de Almerinda Arango (Blanca Guerra) e pai de Dami\u00e3o (David Zepeda), melhor amigo de Elisa. Almerinda descobre e alerta a Augusto.<\/p>\n<p>Por sua parte, Estef\u00e2nia tenta impedir Rog\u00e9rio a n\u00e3o abandonar sua fam\u00edlia, mas devido ao intemp\u00e9rie da chuva, ambos morrem em um acidente de carro. Carmem aproveita o fato para fazer Augusto acreditar que sua esposa era infiel. Augusto, por despeito, casa-se com Carmem, apesar de n\u00e3o estar apaixonado por ela e nem am\u00e1-la. Carmem est\u00e1 gr\u00e1vida de Rog\u00e9rio, mas mente para Augusto, dizendo que o filho \u00e9 dele. Querendo bater em Elisa, Carmem escorrega e cai na piscina da casa, causando morte s\u00fabita ao beb\u00ea. Por sua parte, Almerinda decide mandar a Dami\u00e3o para fora do povoado a estudar para separ\u00e1-lo de Elisa de quem \u00e9 muito amigo, amizade que ela n\u00e3o v\u00ea com bons olhos, ap\u00f3s inocentemente os dois fugirem juntos.<\/p>\n","protected":false},"excerpt":{"rendered":"<p>Resumo da novela \u201cAbismo de Paix\u00e3o\u201d\u00a0 em 25\/09: no cap\u00edtulo 022(*) da novela, quarta-feira, 25 de setembro, Paulo, soberbo, diz que \u00e9 obvio que Elisa quer ir com ele. Dami\u00e3o furioso, o adverte que se o ver pr\u00f3ximo a Elisa, o mandar\u00e1 embora na mesma hora de sua fazenda. Flor\u00eancia diz a Dami\u00e3o que se [&hellip;]<\/p>\n","protected":false},"author":2,"featured_media":181126,"comment_status":"open","ping_status":"closed","sticky":false,"template":"","format":"standard","meta":{"tdm_status":"","tdm_grid_status":"","footnotes":""},"categories":[379,372,343],"tags":[441],"class_list":{"0":"post-182432","1":"post","2":"type-post","3":"status-publish","4":"format-standard","5":"has-post-thumbnail","7":"category-novelas","8":"category-sbt","9":"category-televisao","10":"tag-resumo-do-dia"},"_links":{"self":[{"href":"https:\/\/migracao.redenoticia.com.br\/noticia\/wp-json\/wp\/v2\/posts\/182432","targetHints":{"allow":["GET"]}}],"collection":[{"href":"https:\/\/migracao.redenoticia.com.br\/noticia\/wp-json\/wp\/v2\/posts"}],"about":[{"href":"https:\/\/migracao.redenoticia.com.br\/noticia\/wp-json\/wp\/v2\/types\/post"}],"author":[{"embeddable":true,"href":"https:\/\/migracao.redenoticia.com.br\/noticia\/wp-json\/wp\/v2\/users\/2"}],"replies":[{"embeddable":true,"href":"https:\/\/migracao.redenoticia.com.br\/noticia\/wp-json\/wp\/v2\/comments?post=182432"}],"version-history":[{"count":0,"href":"https:\/\/migracao.redenoticia.com.br\/noticia\/wp-json\/wp\/v2\/posts\/182432\/revisions"}],"wp:featuredmedia":[{"embeddable":true,"href":"https:\/\/migracao.redenoticia.com.br\/noticia\/wp-json\/wp\/v2\/media\/181126"}],"wp:attachment":[{"href":"https:\/\/migracao.redenoticia.com.br\/noticia\/wp-json\/wp\/v2\/media?parent=182432"}],"wp:term":[{"taxonomy":"category","embeddable":true,"href":"https:\/\/migracao.redenoticia.com.br\/noticia\/wp-json\/wp\/v2\/categories?post=182432"},{"taxonomy":"post_tag","embeddable":true,"href":"https:\/\/migracao.redenoticia.com.br\/noticia\/wp-json\/wp\/v2\/tags?post=182432"}],"curies":[{"name":"wp","href":"https:\/\/api.w.org\/{rel}","templated":true}]}}