{"id":182434,"date":"2019-09-24T16:54:24","date_gmt":"2019-09-24T19:54:24","guid":{"rendered":"https:\/\/www.redenoticia.com.br\/noticia\/?p=182434"},"modified":"2019-09-24T16:54:24","modified_gmt":"2019-09-24T19:54:24","slug":"resumo-novela-a-que-nao-podia-amar-25-09-rogerio-descobre-que-ana-vai-embora","status":"publish","type":"post","link":"https:\/\/migracao.redenoticia.com.br\/noticia\/2019\/resumo-novela-a-que-nao-podia-amar-25-09-rogerio-descobre-que-ana-vai-embora\/182434","title":{"rendered":"Resumo novela \u201cA Que N\u00e3o Podia Amar\u201d 25\/09: Rog\u00e9rio descobre que Ana vai embora"},"content":{"rendered":"<p> <strong><em><img loading=\"lazy\" decoding=\"async\" class=\"aligncenter size-large wp-image-173635\" src=\"https:\/\/migracao.redenoticia.com.br\/noticia\/imagens\/a-que-nao-podia-amar-400x271.jpg\" alt=\"\" width=\"400\" height=\"271\" srcset=\"https:\/\/migracao.redenoticia.com.br\/noticia\/imagens\/a-que-nao-podia-amar-400x271.jpg 400w, https:\/\/migracao.redenoticia.com.br\/noticia\/imagens\/a-que-nao-podia-amar-250x169.jpg 250w, https:\/\/migracao.redenoticia.com.br\/noticia\/imagens\/a-que-nao-podia-amar-560x379.jpg 560w, https:\/\/migracao.redenoticia.com.br\/noticia\/imagens\/a-que-nao-podia-amar.jpg 620w\" sizes=\"auto, (max-width: 400px) 100vw, 400px\" \/><\/em><\/strong><\/p>\n<p>Resumo da novela<strong><em> \u201cA Que N\u00e3o Podia Amar\u201d\u00a0<\/em><\/strong> em 25\/09: no cap\u00edtulo 123(*) da novela, quarta-feira, 25 de setembro, C\u00edntia diz a Rog\u00e9rio que se ele der aten\u00e7\u00e3o para Vanessa, sua vida mudaria completamente. Mais tarde, Gustavo diz a Rog\u00e9rio que se as coisas n\u00e3o melhorarem com C\u00edntia, ent\u00e3o ir\u00e3o embora da fazenda. Rog\u00e9rio diz que nesse caso n\u00e3o poder\u00e1 dar nenhum centavo de sua heran\u00e7a. C\u00edntia escuta tudo sem ser vista. Ana Paula conta a Bruno que Rog\u00e9rio fez M\u00e1rcia a demitir e assegura que j\u00e1 n\u00e3o v\u00ea possibilidade de reatarem, o advogado insiste para a mo\u00e7a procurar uma maneira de se reconciliar com o marido.<\/p>\n<p>Gustavo confessa a Ernesto que tem muito medo de que C\u00edntia perca o beb\u00ea, assim como aconteceu com Ana Paula. Ana Paula procura Rog\u00e9rio na fazenda para reclamar que n\u00e3o a deixe trabalhar, ele insiste para que ela viva com Marquinho na casa que comprou para eles, mas Ana Paula diz que n\u00e3o porque vai embora para sempre do povoado.<\/p>\n<p>(*) edi\u00e7\u00e3o do SBT, Novela \u201cA Que N\u00e3o Podia Amar\u201d, sujeito a altera\u00e7\u00e3o de data e conte\u00fado.<\/p>\n<p>Destaques<\/p>\n<p>&#8220;A Que N\u00e3o Podia Amar&#8221;- Ana Paula, uma enfermeira humilde que se v\u00ea obrigada a trabalhar na casa de Rog\u00e9rio Montero (Jorge Salinas), um homem amargurado. Rog\u00e9rio sofre por ser parapl\u00e9gico e destrata todas as pessoas. Ana Paula atura tudo calada e o rica\u00e7o se apaixona por ela.<\/p>\n<p>Ana conhece Gustavo Duran (Jos\u00e9 Ron), um engenheiro nobre e trabalhador. Os dois se apaixonam, mas ter\u00e3o de enfrentar Rog\u00e9rio, j\u00e1 que ele tamb\u00e9m gosta da mocinha, formando assim, um tri\u00e2ngulo amoroso com terr\u00edveis consequ\u00eancias.<\/p>\n","protected":false},"excerpt":{"rendered":"<p>Resumo da novela \u201cA Que N\u00e3o Podia Amar\u201d\u00a0 em 25\/09: no cap\u00edtulo 123(*) da novela, quarta-feira, 25 de setembro, C\u00edntia diz a Rog\u00e9rio que se ele der aten\u00e7\u00e3o para Vanessa, sua vida mudaria completamente. Mais tarde, Gustavo diz a Rog\u00e9rio que se as coisas n\u00e3o melhorarem com C\u00edntia, ent\u00e3o ir\u00e3o embora da fazenda. Rog\u00e9rio diz [&hellip;]<\/p>\n","protected":false},"author":2,"featured_media":173627,"comment_status":"open","ping_status":"closed","sticky":false,"template":"","format":"standard","meta":{"tdm_status":"","tdm_grid_status":"","footnotes":""},"categories":[379,372,343],"tags":[441],"class_list":{"0":"post-182434","1":"post","2":"type-post","3":"status-publish","4":"format-standard","5":"has-post-thumbnail","7":"category-novelas","8":"category-sbt","9":"category-televisao","10":"tag-resumo-do-dia"},"_links":{"self":[{"href":"https:\/\/migracao.redenoticia.com.br\/noticia\/wp-json\/wp\/v2\/posts\/182434","targetHints":{"allow":["GET"]}}],"collection":[{"href":"https:\/\/migracao.redenoticia.com.br\/noticia\/wp-json\/wp\/v2\/posts"}],"about":[{"href":"https:\/\/migracao.redenoticia.com.br\/noticia\/wp-json\/wp\/v2\/types\/post"}],"author":[{"embeddable":true,"href":"https:\/\/migracao.redenoticia.com.br\/noticia\/wp-json\/wp\/v2\/users\/2"}],"replies":[{"embeddable":true,"href":"https:\/\/migracao.redenoticia.com.br\/noticia\/wp-json\/wp\/v2\/comments?post=182434"}],"version-history":[{"count":0,"href":"https:\/\/migracao.redenoticia.com.br\/noticia\/wp-json\/wp\/v2\/posts\/182434\/revisions"}],"wp:featuredmedia":[{"embeddable":true,"href":"https:\/\/migracao.redenoticia.com.br\/noticia\/wp-json\/wp\/v2\/media\/173627"}],"wp:attachment":[{"href":"https:\/\/migracao.redenoticia.com.br\/noticia\/wp-json\/wp\/v2\/media?parent=182434"}],"wp:term":[{"taxonomy":"category","embeddable":true,"href":"https:\/\/migracao.redenoticia.com.br\/noticia\/wp-json\/wp\/v2\/categories?post=182434"},{"taxonomy":"post_tag","embeddable":true,"href":"https:\/\/migracao.redenoticia.com.br\/noticia\/wp-json\/wp\/v2\/tags?post=182434"}],"curies":[{"name":"wp","href":"https:\/\/api.w.org\/{rel}","templated":true}]}}