{"id":182435,"date":"2019-09-24T16:56:08","date_gmt":"2019-09-24T19:56:08","guid":{"rendered":"https:\/\/www.redenoticia.com.br\/noticia\/?p=182435"},"modified":"2019-09-24T16:56:08","modified_gmt":"2019-09-24T19:56:08","slug":"resumo-novela-as-aventuras-de-poliana-25-09-debora-se-declara-para-marcelo","status":"publish","type":"post","link":"https:\/\/migracao.redenoticia.com.br\/noticia\/2019\/resumo-novela-as-aventuras-de-poliana-25-09-debora-se-declara-para-marcelo\/182435","title":{"rendered":"Resumo novela \u201cAs Aventuras de Poliana\u201d 25\/09: D\u00e9bora se declara para Marcelo"},"content":{"rendered":"<p> <strong><em><img loading=\"lazy\" decoding=\"async\" class=\"aligncenter size-large wp-image-148662\" src=\"https:\/\/migracao.redenoticia.com.br\/noticia\/imagens\/as-aventuras-de-poliana-novela-400x267.jpg\" alt=\"\" width=\"400\" height=\"267\" srcset=\"https:\/\/migracao.redenoticia.com.br\/noticia\/imagens\/as-aventuras-de-poliana-novela-400x267.jpg 400w, https:\/\/migracao.redenoticia.com.br\/noticia\/imagens\/as-aventuras-de-poliana-novela-250x167.jpg 250w, https:\/\/migracao.redenoticia.com.br\/noticia\/imagens\/as-aventuras-de-poliana-novela-150x100.jpg 150w, https:\/\/migracao.redenoticia.com.br\/noticia\/imagens\/as-aventuras-de-poliana-novela.jpg 600w\" sizes=\"auto, (max-width: 400px) 100vw, 400px\" \/>Resumo novela \u201cAs Aventuras de Poliana\u201d 25\/09<\/em><\/strong>: no cap\u00edtulo 356(*) da novela, resumo de quarta-feira, 25 de setembro, Jo\u00e3o e seus amigos fazem uma apresenta\u00e7\u00e3o musical para arrecadar dinheiro para ajudar Poliana e sua fam\u00edlia. Com a aproxima\u00e7\u00e3o de Yasmin e Paola, Filipa se sente rejeitada. Mirela volta para a resid\u00eancia da av\u00f3 com o p\u00e9 imobilizado. No Clubinho, M\u00e1rio, Gael e Ben\u00edcio fazem perguntas para Ester. Iuri se reconcilia com Sophie. Poliana se junta com seus amigos na apresenta\u00e7\u00e3o musical.<\/p>\n<p>Os meninos do Clubinho acham muito estranho o jeito de Ester. Branca chama Vini para ajud\u00e1-la a cuidar de Mirela. Pendleton aparece na casa de S\u00e9rgio procurando Ester. Raquel v\u00ea que Jerry convidou Gabi para ir ao show em seu lugar. Roger arquiteta planos para fazer com que Carla e Guilherme fiquem juntos, mas \u00e9 descoberto. D\u00e9bora aparece na casa de Marcelo e se declara para ele. Afonso oferece ajuda financeira a Lu\u00edsa. Mirela ajuda Vini a estudar.<\/p>\n<p>(*) edi\u00e7\u00e3o do SBT, Novela \u201cAs Aventuras de Poliana\u201d, sujeito a altera\u00e7\u00e3o de data e conte\u00fado.<\/p>\n<p>Poliana \u00e9 uma menina extrovertida e de bom cora\u00e7\u00e3o que viajava o Brasil com seus pais, Lorenzo e Alice, no grupo circense Trupe Vagalume. Aos onze anos a garota v\u00ea seu mundo desabar quando seus pais falecem e ela tem que ir morar em S\u00e3o Paulo com sua tia Lu\u00edsa, uma mulher rica e severa, a qual ela n\u00e3o conhecia e que n\u00e3o queria cuidar dela, embora sinta que \u00e9 sua obriga\u00e7\u00e3o pela alma de sua irm\u00e3. Apesar do jeito da rigidez da tia, Poliana decide ter uma vis\u00e3o positiva e inabal\u00e1vel da vida, mesmo nos momentos de dificuldade, tentando levar um pouco de felicidade para a vida de cada um dos seus novos amigos e vizinhos, como o Sr. Pendleton, um homem rico e infeliz por nunca ter tido filhos. Ela vai estudar no col\u00e9gio de Ruth, uma diretora de bom cora\u00e7\u00e3o que a ajuda a se adaptar, mas tem que lidar com as vilanias de Mirela, garota mais velha que n\u00e3o aceita perder a popularidade para uma novata.<\/p>\n","protected":false},"excerpt":{"rendered":"<p>Resumo novela \u201cAs Aventuras de Poliana\u201d 25\/09: no cap\u00edtulo 356(*) da novela, resumo de quarta-feira, 25 de setembro, Jo\u00e3o e seus amigos fazem uma apresenta\u00e7\u00e3o musical para arrecadar dinheiro para ajudar Poliana e sua fam\u00edlia. Com a aproxima\u00e7\u00e3o de Yasmin e Paola, Filipa se sente rejeitada. Mirela volta para a resid\u00eancia da av\u00f3 com o [&hellip;]<\/p>\n","protected":false},"author":2,"featured_media":148663,"comment_status":"open","ping_status":"closed","sticky":false,"template":"","format":"standard","meta":{"tdm_status":"","tdm_grid_status":"","footnotes":""},"categories":[477,379,372,343],"tags":[441],"class_list":{"0":"post-182435","1":"post","2":"type-post","3":"status-publish","4":"format-standard","5":"has-post-thumbnail","7":"category-as-aventuras-de-poliana","8":"category-novelas","9":"category-sbt","10":"category-televisao","11":"tag-resumo-do-dia"},"_links":{"self":[{"href":"https:\/\/migracao.redenoticia.com.br\/noticia\/wp-json\/wp\/v2\/posts\/182435","targetHints":{"allow":["GET"]}}],"collection":[{"href":"https:\/\/migracao.redenoticia.com.br\/noticia\/wp-json\/wp\/v2\/posts"}],"about":[{"href":"https:\/\/migracao.redenoticia.com.br\/noticia\/wp-json\/wp\/v2\/types\/post"}],"author":[{"embeddable":true,"href":"https:\/\/migracao.redenoticia.com.br\/noticia\/wp-json\/wp\/v2\/users\/2"}],"replies":[{"embeddable":true,"href":"https:\/\/migracao.redenoticia.com.br\/noticia\/wp-json\/wp\/v2\/comments?post=182435"}],"version-history":[{"count":0,"href":"https:\/\/migracao.redenoticia.com.br\/noticia\/wp-json\/wp\/v2\/posts\/182435\/revisions"}],"wp:featuredmedia":[{"embeddable":true,"href":"https:\/\/migracao.redenoticia.com.br\/noticia\/wp-json\/wp\/v2\/media\/148663"}],"wp:attachment":[{"href":"https:\/\/migracao.redenoticia.com.br\/noticia\/wp-json\/wp\/v2\/media?parent=182435"}],"wp:term":[{"taxonomy":"category","embeddable":true,"href":"https:\/\/migracao.redenoticia.com.br\/noticia\/wp-json\/wp\/v2\/categories?post=182435"},{"taxonomy":"post_tag","embeddable":true,"href":"https:\/\/migracao.redenoticia.com.br\/noticia\/wp-json\/wp\/v2\/tags?post=182435"}],"curies":[{"name":"wp","href":"https:\/\/api.w.org\/{rel}","templated":true}]}}