{"id":182481,"date":"2019-09-25T17:09:16","date_gmt":"2019-09-25T20:09:16","guid":{"rendered":"https:\/\/www.redenoticia.com.br\/noticia\/?p=182481"},"modified":"2019-09-25T17:09:16","modified_gmt":"2019-09-25T20:09:16","slug":"resumo-novela-cumplices-de-um-resgate-26-09-isabela-quer-se-encontrar-com-marina","status":"publish","type":"post","link":"https:\/\/migracao.redenoticia.com.br\/noticia\/2019\/resumo-novela-cumplices-de-um-resgate-26-09-isabela-quer-se-encontrar-com-marina\/182481","title":{"rendered":"Resumo novela \u201cC\u00famplices de um Resgate\u201d 26\/09: Isabela quer se encontrar com Marina"},"content":{"rendered":"<p><img loading=\"lazy\" decoding=\"async\" class=\"aligncenter size-large wp-image-164526\" src=\"https:\/\/migracao.redenoticia.com.br\/noticia\/imagens\/cumplices-de-um-resgate-001-316x300.jpg\" alt=\"\" width=\"316\" height=\"300\" srcset=\"https:\/\/migracao.redenoticia.com.br\/noticia\/imagens\/cumplices-de-um-resgate-001-316x300.jpg 316w, https:\/\/migracao.redenoticia.com.br\/noticia\/imagens\/cumplices-de-um-resgate-001-197x187.jpg 197w, https:\/\/migracao.redenoticia.com.br\/noticia\/imagens\/cumplices-de-um-resgate-001-150x143.jpg 150w, https:\/\/migracao.redenoticia.com.br\/noticia\/imagens\/cumplices-de-um-resgate-001.jpg 526w\" sizes=\"auto, (max-width: 316px) 100vw, 316px\" \/> Resumo novela \u201cC\u00famplices de um Resgate\u201d 26\/09<\/em><\/strong>: no cap\u00edtulo 189(*) da novela, quinta-feira, 26 de setembro, Joaquim, Felipe e Julia chegam ao apartamento. Meire fica sabendo e acredita que os tr\u00eas podem indicar que haver\u00e1 um bombardeio no condom\u00ednio. Fiorina discute com Giuseppe e diz que ele n\u00e3o \u00e9 rom\u00e2ntico com ela. A italiana diz que o esposo n\u00e3o a leva para jantar e nem lhe presenteia. Isabela est\u00e1 interessada em T\u00e9o. Regina vai disfar\u00e7ada no vilarejo e segue Isabela na rua. Joaquim est\u00e1 irritado com Andr\u00e9 por achar que ele se envolveu com Manuela.<\/p>\n<p>Julia v\u00ea a foto que Priscila havia enviado para Joaquim e vai tirar satisfa\u00e7\u00e3o com Andr\u00e9. Regina amea\u00e7a Isabela, diz que se ela n\u00e3o ficar quieta perder\u00e1 a heran\u00e7a. A vil\u00e3 fala ainda que prefere que ela fique por l\u00e1, longe dela. Andr\u00e9 se explica para Julia e conta que n\u00e3o gosta da Manuela. Priscila n\u00e3o conta a verdade para Julia sobre a foto. Isabela pensa numa maneira de ver Marina.<\/p>\n<p>(*) edi\u00e7\u00e3o do SBT, Novela \u201cC\u00famplices de um Resgate\u201d, sujeito a altera\u00e7\u00e3o de data e conte\u00fado.<\/p>\n","protected":false},"excerpt":{"rendered":"<p>Resumo novela \u201cC\u00famplices de um Resgate\u201d 26\/09: no cap\u00edtulo 189(*) da novela, quinta-feira, 26 de setembro, Joaquim, Felipe e Julia chegam ao apartamento. Meire fica sabendo e acredita que os tr\u00eas podem indicar que haver\u00e1 um bombardeio no condom\u00ednio. Fiorina discute com Giuseppe e diz que ele n\u00e3o \u00e9 rom\u00e2ntico com ela. A italiana diz [&hellip;]<\/p>\n","protected":false},"author":4,"featured_media":164526,"comment_status":"open","ping_status":"closed","sticky":false,"template":"","format":"standard","meta":{"tdm_status":"","tdm_grid_status":"","footnotes":""},"categories":[379,372,343],"tags":[441],"class_list":{"0":"post-182481","1":"post","2":"type-post","3":"status-publish","4":"format-standard","5":"has-post-thumbnail","7":"category-novelas","8":"category-sbt","9":"category-televisao","10":"tag-resumo-do-dia"},"_links":{"self":[{"href":"https:\/\/migracao.redenoticia.com.br\/noticia\/wp-json\/wp\/v2\/posts\/182481","targetHints":{"allow":["GET"]}}],"collection":[{"href":"https:\/\/migracao.redenoticia.com.br\/noticia\/wp-json\/wp\/v2\/posts"}],"about":[{"href":"https:\/\/migracao.redenoticia.com.br\/noticia\/wp-json\/wp\/v2\/types\/post"}],"author":[{"embeddable":true,"href":"https:\/\/migracao.redenoticia.com.br\/noticia\/wp-json\/wp\/v2\/users\/4"}],"replies":[{"embeddable":true,"href":"https:\/\/migracao.redenoticia.com.br\/noticia\/wp-json\/wp\/v2\/comments?post=182481"}],"version-history":[{"count":0,"href":"https:\/\/migracao.redenoticia.com.br\/noticia\/wp-json\/wp\/v2\/posts\/182481\/revisions"}],"wp:featuredmedia":[{"embeddable":true,"href":"https:\/\/migracao.redenoticia.com.br\/noticia\/wp-json\/wp\/v2\/media\/164526"}],"wp:attachment":[{"href":"https:\/\/migracao.redenoticia.com.br\/noticia\/wp-json\/wp\/v2\/media?parent=182481"}],"wp:term":[{"taxonomy":"category","embeddable":true,"href":"https:\/\/migracao.redenoticia.com.br\/noticia\/wp-json\/wp\/v2\/categories?post=182481"},{"taxonomy":"post_tag","embeddable":true,"href":"https:\/\/migracao.redenoticia.com.br\/noticia\/wp-json\/wp\/v2\/tags?post=182481"}],"curies":[{"name":"wp","href":"https:\/\/api.w.org\/{rel}","templated":true}]}}