{"id":182523,"date":"2019-09-26T17:16:15","date_gmt":"2019-09-26T20:16:15","guid":{"rendered":"https:\/\/www.redenoticia.com.br\/noticia\/?p=182523"},"modified":"2019-09-26T17:16:15","modified_gmt":"2019-09-26T20:16:15","slug":"resumo-novela-as-aventuras-de-poliana-27-09-poliana-pede-ajuda-financeira-a-pendleton","status":"publish","type":"post","link":"https:\/\/migracao.redenoticia.com.br\/noticia\/2019\/resumo-novela-as-aventuras-de-poliana-27-09-poliana-pede-ajuda-financeira-a-pendleton\/182523","title":{"rendered":"Resumo novela \u201cAs Aventuras de Poliana\u201d 27\/09: Poliana pede ajuda financeira a Pendleton"},"content":{"rendered":"<p><strong><em><img loading=\"lazy\" decoding=\"async\" class=\"aligncenter size-large wp-image-148662\" src=\"https:\/\/migracao.redenoticia.com.br\/noticia\/imagens\/as-aventuras-de-poliana-novela-400x267.jpg\" alt=\"\" width=\"400\" height=\"267\" srcset=\"https:\/\/migracao.redenoticia.com.br\/noticia\/imagens\/as-aventuras-de-poliana-novela-400x267.jpg 400w, https:\/\/migracao.redenoticia.com.br\/noticia\/imagens\/as-aventuras-de-poliana-novela-250x167.jpg 250w, https:\/\/migracao.redenoticia.com.br\/noticia\/imagens\/as-aventuras-de-poliana-novela-150x100.jpg 150w, https:\/\/migracao.redenoticia.com.br\/noticia\/imagens\/as-aventuras-de-poliana-novela.jpg 600w\" sizes=\"auto, (max-width: 400px) 100vw, 400px\" \/>Resumo novela \u201cAs Aventuras de Poliana\u201d 27\/09<\/em><\/strong>: no cap\u00edtulo 358(*) da novela, resumo de sexta-feira, 27 de setembro, com a crise financeira na fam\u00edlia de Lu\u00edsa, Nancy e Ant\u00f4nio tem medo de perder os seus empregos. Filipa convida Yasmin e Paola para o tour na O11O. Gl\u00f3ria oficializa a presid\u00eancia de Branca para o Comit\u00ea do La\u00e7o Azul. Pendleton imp\u00f5e condi\u00e7\u00f5es para que Waldisney trabalhe com ele. A not\u00edcia da fal\u00eancia da fam\u00edlia de Lu\u00edsa se alastra. Ao sair do Clubinho, Ester se perde no caminho de casa e encontra Poliana, que a leva de volta para casa de Pendleton.<\/p>\n<p>Vini pede para Branca o ajudar com a coreografia para sua audi\u00e7\u00e3o. Raquel \u00e9 pega pela pol\u00edcia enquanto pichava muros e \u00e9 levada para delegacia. Mirela pede sua av\u00f3 recusar o pedido de Vini. Brenda vai at\u00e9 a casa de Gleyce para se desculpar. Roger tenta convencer os investidores da O11O a tirar OTTO do comando. Poliana desobedece Lu\u00edsa e pede ajuda financeira a Pendleton. D\u00e9bora avisa que encontrou um lugar para ficar e ir\u00e1 sair da casa de Roger. Lu\u00edsa desconfia que Pendleton possa ter uma afilhada. Ester pede para Pendleton deix\u00e1-la estudar na Ruth Goulart.<\/p>\n<p>(*) edi\u00e7\u00e3o do SBT, Novela \u201cAs Aventuras de Poliana\u201d, sujeito a altera\u00e7\u00e3o de data e conte\u00fado.<\/p>\n<p>Poliana \u00e9 uma menina extrovertida e de bom cora\u00e7\u00e3o que viajava o Brasil com seus pais, Lorenzo e Alice, no grupo circense Trupe Vagalume. Aos onze anos a garota v\u00ea seu mundo desabar quando seus pais falecem e ela tem que ir morar em S\u00e3o Paulo com sua tia Lu\u00edsa, uma mulher rica e severa, a qual ela n\u00e3o conhecia e que n\u00e3o queria cuidar dela, embora sinta que \u00e9 sua obriga\u00e7\u00e3o pela alma de sua irm\u00e3. Apesar do jeito da rigidez da tia, Poliana decide ter uma vis\u00e3o positiva e inabal\u00e1vel da vida, mesmo nos momentos de dificuldade, tentando levar um pouco de felicidade para a vida de cada um dos seus novos amigos e vizinhos, como o Sr. Pendleton, um homem rico e infeliz por nunca ter tido filhos. Ela vai estudar no col\u00e9gio de Ruth, uma diretora de bom cora\u00e7\u00e3o que a ajuda a se adaptar, mas tem que lidar com as vilanias de Mirela, garota mais velha que n\u00e3o aceita perder a popularidade para uma novata.<\/p>\n","protected":false},"excerpt":{"rendered":"<p>Resumo novela \u201cAs Aventuras de Poliana\u201d 27\/09: no cap\u00edtulo 358(*) da novela, resumo de sexta-feira, 27 de setembro, com a crise financeira na fam\u00edlia de Lu\u00edsa, Nancy e Ant\u00f4nio tem medo de perder os seus empregos. Filipa convida Yasmin e Paola para o tour na O11O. Gl\u00f3ria oficializa a presid\u00eancia de Branca para o Comit\u00ea [&hellip;]<\/p>\n","protected":false},"author":4,"featured_media":148663,"comment_status":"open","ping_status":"closed","sticky":false,"template":"","format":"standard","meta":{"tdm_status":"","tdm_grid_status":"","footnotes":""},"categories":[477,379,372,343],"tags":[441],"class_list":{"0":"post-182523","1":"post","2":"type-post","3":"status-publish","4":"format-standard","5":"has-post-thumbnail","7":"category-as-aventuras-de-poliana","8":"category-novelas","9":"category-sbt","10":"category-televisao","11":"tag-resumo-do-dia"},"_links":{"self":[{"href":"https:\/\/migracao.redenoticia.com.br\/noticia\/wp-json\/wp\/v2\/posts\/182523","targetHints":{"allow":["GET"]}}],"collection":[{"href":"https:\/\/migracao.redenoticia.com.br\/noticia\/wp-json\/wp\/v2\/posts"}],"about":[{"href":"https:\/\/migracao.redenoticia.com.br\/noticia\/wp-json\/wp\/v2\/types\/post"}],"author":[{"embeddable":true,"href":"https:\/\/migracao.redenoticia.com.br\/noticia\/wp-json\/wp\/v2\/users\/4"}],"replies":[{"embeddable":true,"href":"https:\/\/migracao.redenoticia.com.br\/noticia\/wp-json\/wp\/v2\/comments?post=182523"}],"version-history":[{"count":0,"href":"https:\/\/migracao.redenoticia.com.br\/noticia\/wp-json\/wp\/v2\/posts\/182523\/revisions"}],"wp:featuredmedia":[{"embeddable":true,"href":"https:\/\/migracao.redenoticia.com.br\/noticia\/wp-json\/wp\/v2\/media\/148663"}],"wp:attachment":[{"href":"https:\/\/migracao.redenoticia.com.br\/noticia\/wp-json\/wp\/v2\/media?parent=182523"}],"wp:term":[{"taxonomy":"category","embeddable":true,"href":"https:\/\/migracao.redenoticia.com.br\/noticia\/wp-json\/wp\/v2\/categories?post=182523"},{"taxonomy":"post_tag","embeddable":true,"href":"https:\/\/migracao.redenoticia.com.br\/noticia\/wp-json\/wp\/v2\/tags?post=182523"}],"curies":[{"name":"wp","href":"https:\/\/api.w.org\/{rel}","templated":true}]}}