{"id":182617,"date":"2019-09-28T18:39:09","date_gmt":"2019-09-28T21:39:09","guid":{"rendered":"https:\/\/www.redenoticia.com.br\/noticia\/?p=182617"},"modified":"2019-09-28T18:39:09","modified_gmt":"2019-09-28T21:39:09","slug":"resumo-novela-as-aventuras-de-poliana-30-09-pendleton-pressiona-roger","status":"publish","type":"post","link":"https:\/\/migracao.redenoticia.com.br\/noticia\/2019\/resumo-novela-as-aventuras-de-poliana-30-09-pendleton-pressiona-roger\/182617","title":{"rendered":"Resumo novela \u201cAs Aventuras de Poliana\u201d 30\/09: Pendleton pressiona Roger"},"content":{"rendered":"<p> <img loading=\"lazy\" decoding=\"async\" class=\"aligncenter size-large wp-image-148662\" src=\"https:\/\/migracao.redenoticia.com.br\/noticia\/imagens\/as-aventuras-de-poliana-novela-400x267.jpg\" alt=\"\" width=\"400\" height=\"267\" srcset=\"https:\/\/migracao.redenoticia.com.br\/noticia\/imagens\/as-aventuras-de-poliana-novela-400x267.jpg 400w, https:\/\/migracao.redenoticia.com.br\/noticia\/imagens\/as-aventuras-de-poliana-novela-250x167.jpg 250w, https:\/\/migracao.redenoticia.com.br\/noticia\/imagens\/as-aventuras-de-poliana-novela-150x100.jpg 150w, https:\/\/migracao.redenoticia.com.br\/noticia\/imagens\/as-aventuras-de-poliana-novela.jpg 600w\" sizes=\"auto, (max-width: 400px) 100vw, 400px\" \/><\/p>\n<p><strong><em>Resumo novela \u201cAs Aventuras de Poliana\u201d 30\/09<\/em><\/strong>: no cap\u00edtulo 359(*) da novela, segunda-feira, 30 de setembro, na visita ao O11O, Filipa grava a reuni\u00e3o entre Roger e os investidores. Um caminh\u00e3o de mudan\u00e7a chega na vizinhan\u00e7a, e Jo\u00e3o e Marcelo, Branca e Mirela descobrem que em breve ter\u00e3o um novo vizinho perto deles. Guilherme fica apreensivo ao ficar sabendo que Raquel foi levada at\u00e9 a delegacia de pol\u00edcia. Poliana convida Ester para ir at\u00e9 a sua resid\u00eancia. Luigi espera pela repercuss\u00e3o de seu filme amador. Jeff pressiona Brenda para que a namorada fale a respeito dos problemas de sua fam\u00edlia.<\/p>\n<p>Os meninos do Clubinho planejam se aproximar de Ester para obter mais informa\u00e7\u00f5es sobre OTTO. Lorena n\u00e3o gosta da ideia. Depois de ver o v\u00eddeo postado por Filipa, Pendleton tira satisfa\u00e7\u00f5es com Roger e toma algumas atitudes. M\u00e1rio sugere que seu irm\u00e3o mude o g\u00eanero das suas produ\u00e7\u00f5es audiovisuais. Poliana apresenta Ester para Jo\u00e3o. Feij\u00e3o acha muito estranho a menina. Pendleton convoca uma reuni\u00e3o com Gl\u00f3ria, que n\u00e3o passa bem. Lu\u00edsa descobre que sua resid\u00eancia foi leiloada. Branca conduz os ensaios de dan\u00e7a entre Gabi e Vini.<\/p>\n<p>(*) edi\u00e7\u00e3o do SBT, Novela \u201cAs Aventuras de Poliana\u201d, sujeito a altera\u00e7\u00e3o de data e conte\u00fado.<\/p>\n<p>\u201cAs Aventuras de Poliana\u201d &#8211; Poliana \u00e9 uma menina extrovertida e de bom cora\u00e7\u00e3o que viajava o Brasil com seus pais, Lorenzo e Alice, no grupo circense Trupe Vagalume. Aos onze anos a garota v\u00ea seu mundo desabar quando seus pais falecem e ela tem que ir morar em S\u00e3o Paulo com sua tia Lu\u00edsa, uma mulher rica e severa, a qual ela n\u00e3o conhecia e que n\u00e3o queria cuidar dela, embora sinta que \u00e9 sua obriga\u00e7\u00e3o pela alma de sua irm\u00e3. <\/p>\n<p>Apesar do jeito da rigidez da tia, Poliana decide ter uma vis\u00e3o positiva e inabal\u00e1vel da vida, mesmo nos momentos de dificuldade, tentando levar um pouco de felicidade para a vida de cada um dos seus novos amigos e vizinhos, como o Sr. Pendleton, um homem rico e infeliz por nunca ter tido filhos. Ela vai estudar no col\u00e9gio de Ruth, uma diretora de bom cora\u00e7\u00e3o que a ajuda a se adaptar, mas tem que lidar com as vilanias de Mirela, garota mais velha que n\u00e3o aceita perder a popularidade para uma novata.<\/p>\n","protected":false},"excerpt":{"rendered":"<p>Resumo novela \u201cAs Aventuras de Poliana\u201d 30\/09: no cap\u00edtulo 359(*) da novela, segunda-feira, 30 de setembro, na visita ao O11O, Filipa grava a reuni\u00e3o entre Roger e os investidores. Um caminh\u00e3o de mudan\u00e7a chega na vizinhan\u00e7a, e Jo\u00e3o e Marcelo, Branca e Mirela descobrem que em breve ter\u00e3o um novo vizinho perto deles. Guilherme fica [&hellip;]<\/p>\n","protected":false},"author":2,"featured_media":148663,"comment_status":"open","ping_status":"closed","sticky":false,"template":"","format":"standard","meta":{"tdm_status":"","tdm_grid_status":"","footnotes":""},"categories":[477,379,372,343],"tags":[441],"class_list":{"0":"post-182617","1":"post","2":"type-post","3":"status-publish","4":"format-standard","5":"has-post-thumbnail","7":"category-as-aventuras-de-poliana","8":"category-novelas","9":"category-sbt","10":"category-televisao","11":"tag-resumo-do-dia"},"_links":{"self":[{"href":"https:\/\/migracao.redenoticia.com.br\/noticia\/wp-json\/wp\/v2\/posts\/182617","targetHints":{"allow":["GET"]}}],"collection":[{"href":"https:\/\/migracao.redenoticia.com.br\/noticia\/wp-json\/wp\/v2\/posts"}],"about":[{"href":"https:\/\/migracao.redenoticia.com.br\/noticia\/wp-json\/wp\/v2\/types\/post"}],"author":[{"embeddable":true,"href":"https:\/\/migracao.redenoticia.com.br\/noticia\/wp-json\/wp\/v2\/users\/2"}],"replies":[{"embeddable":true,"href":"https:\/\/migracao.redenoticia.com.br\/noticia\/wp-json\/wp\/v2\/comments?post=182617"}],"version-history":[{"count":0,"href":"https:\/\/migracao.redenoticia.com.br\/noticia\/wp-json\/wp\/v2\/posts\/182617\/revisions"}],"wp:featuredmedia":[{"embeddable":true,"href":"https:\/\/migracao.redenoticia.com.br\/noticia\/wp-json\/wp\/v2\/media\/148663"}],"wp:attachment":[{"href":"https:\/\/migracao.redenoticia.com.br\/noticia\/wp-json\/wp\/v2\/media?parent=182617"}],"wp:term":[{"taxonomy":"category","embeddable":true,"href":"https:\/\/migracao.redenoticia.com.br\/noticia\/wp-json\/wp\/v2\/categories?post=182617"},{"taxonomy":"post_tag","embeddable":true,"href":"https:\/\/migracao.redenoticia.com.br\/noticia\/wp-json\/wp\/v2\/tags?post=182617"}],"curies":[{"name":"wp","href":"https:\/\/api.w.org\/{rel}","templated":true}]}}