{"id":182619,"date":"2019-09-28T18:41:45","date_gmt":"2019-09-28T21:41:45","guid":{"rendered":"https:\/\/www.redenoticia.com.br\/noticia\/?p=182619"},"modified":"2019-09-28T18:41:45","modified_gmt":"2019-09-28T21:41:45","slug":"resumo-novela-cumplices-de-um-resgate-30-09-joaquim-visita-manuela","status":"publish","type":"post","link":"https:\/\/migracao.redenoticia.com.br\/noticia\/2019\/resumo-novela-cumplices-de-um-resgate-30-09-joaquim-visita-manuela\/182619","title":{"rendered":"Resumo novela \u201cC\u00famplices de um Resgate\u201d 30\/09: Joaquim visita Manuela"},"content":{"rendered":"<p> <img loading=\"lazy\" decoding=\"async\" class=\"aligncenter size-large wp-image-164526\" src=\"https:\/\/migracao.redenoticia.com.br\/noticia\/imagens\/cumplices-de-um-resgate-001-316x300.jpg\" alt=\"\" width=\"316\" height=\"300\" srcset=\"https:\/\/migracao.redenoticia.com.br\/noticia\/imagens\/cumplices-de-um-resgate-001-316x300.jpg 316w, https:\/\/migracao.redenoticia.com.br\/noticia\/imagens\/cumplices-de-um-resgate-001-197x187.jpg 197w, https:\/\/migracao.redenoticia.com.br\/noticia\/imagens\/cumplices-de-um-resgate-001-150x143.jpg 150w, https:\/\/migracao.redenoticia.com.br\/noticia\/imagens\/cumplices-de-um-resgate-001.jpg 526w\" sizes=\"auto, (max-width: 316px) 100vw, 316px\" \/><\/p>\n<p><strong><em>Resumo novela \u201cC\u00famplices de um Resgate\u201d 30\/09<\/em><\/strong>: no cap\u00edtulo 191(*) da novela, segunda-feira, 30 de setembro, Isabela est\u00e1 interessada em T\u00e9o. Regina vai disfar\u00e7ada no vilarejo e segue Isabela na rua. Joaquim est\u00e1 irritado com Andr\u00e9 por achar que ele se envolveu com Manuela. Julia v\u00ea a foto que Priscila havia enviado para Joaquim e vai tirar satisfa\u00e7\u00e3o com Andr\u00e9. Regina amea\u00e7a Isabela, diz que se ela n\u00e3o ficar quieta perder\u00e1 a heran\u00e7a. A vil\u00e3 fala ainda que prefere que ela fique por l\u00e1, longe dela. Andr\u00e9 se explica para Julia e conta que n\u00e3o gosta da Manuela. Priscila n\u00e3o conta a verdade para Julia sobre a foto. Isabela pensa numa maneira de ver Marina.<\/p>\n<p>Andr\u00e9 conta para Joaquim e para Julia que n\u00e3o gosta de Manuela e nunca teve nada com ela. Safira vai at\u00e9 o vilarejo e conversa com Berta. Ela diz que a mulher vai precisar voltar para a confec\u00e7\u00e3o. Giuseppe se encanta com Fiorina toda arrumada. O italiano entrega flores para a esposa e diz que ela est\u00e1 bela. Giuseppe leva Fiorina para jantar na sapataria ao inv\u00e9s de um restaurante. Ele se justifica por estar guardando dinheiro para uma surpresa para a esposa. Nico \u00e9 o gar\u00e7om do restaurante.<\/p>\n<p>Isabela, que se passa por Manuela, volta para a escola. Omar faz v\u00e1rias perguntas sobre ela para Sabrina. Omar acha que a menina deve ser interessante. Flavia chama a Isabela para participar da pe\u00e7a da igreja. Joaquim vai at\u00e9 a mans\u00e3o ver Manuela. Safira liga para todas as ex-namorados de Ot\u00e1vio para participar de um coquetel e assim ficar uma situa\u00e7\u00e3o desagrad\u00e1vel com Rebeca. Isabela v\u00ea Marina, que finge se chamar Antonela. O agente de viagem vai at\u00e9 a gravadora para avisar Geraldo que as crian\u00e7as n\u00e3o viajaram.<\/p>\n<p>(*) edi\u00e7\u00e3o do SBT, Novela \u201cC\u00famplices de um Resgate\u201d, sujeito a altera\u00e7\u00e3o de data e conte\u00fado.<\/p>\n<p>\u201cC\u00famplices de um Resgate\u201d &#8211; Duas irm\u00e3s g\u00eameas univitelinas que foram separadas ap\u00f3s nascimento, se reencontram somente ap\u00f3s doze anos. Manuela, uma das g\u00eameas, \u00e9 doce, meiga, gentil, e muito talentosa para a m\u00fasica e tem uma voz encantadora. Vive uma vida feliz no Vilarejo dos Sonhos, onde mora com sua av\u00f3 Nina, sua tia Helena e sua m\u00e3e Rebeca, que d\u00e1 muito amor e carinho a filha por ela nunca ter tido um pai, e ela \u00e9 a m\u00e3e biol\u00f3gica das duas garotas, mas nunca soube que teve g\u00eameas.<\/p>\n","protected":false},"excerpt":{"rendered":"<p>Resumo novela \u201cC\u00famplices de um Resgate\u201d 30\/09: no cap\u00edtulo 191(*) da novela, segunda-feira, 30 de setembro, Isabela est\u00e1 interessada em T\u00e9o. Regina vai disfar\u00e7ada no vilarejo e segue Isabela na rua. Joaquim est\u00e1 irritado com Andr\u00e9 por achar que ele se envolveu com Manuela. Julia v\u00ea a foto que Priscila havia enviado para Joaquim e [&hellip;]<\/p>\n","protected":false},"author":2,"featured_media":164525,"comment_status":"open","ping_status":"closed","sticky":false,"template":"","format":"standard","meta":{"tdm_status":"","tdm_grid_status":"","footnotes":""},"categories":[379,372,343],"tags":[441],"class_list":{"0":"post-182619","1":"post","2":"type-post","3":"status-publish","4":"format-standard","5":"has-post-thumbnail","7":"category-novelas","8":"category-sbt","9":"category-televisao","10":"tag-resumo-do-dia"},"_links":{"self":[{"href":"https:\/\/migracao.redenoticia.com.br\/noticia\/wp-json\/wp\/v2\/posts\/182619","targetHints":{"allow":["GET"]}}],"collection":[{"href":"https:\/\/migracao.redenoticia.com.br\/noticia\/wp-json\/wp\/v2\/posts"}],"about":[{"href":"https:\/\/migracao.redenoticia.com.br\/noticia\/wp-json\/wp\/v2\/types\/post"}],"author":[{"embeddable":true,"href":"https:\/\/migracao.redenoticia.com.br\/noticia\/wp-json\/wp\/v2\/users\/2"}],"replies":[{"embeddable":true,"href":"https:\/\/migracao.redenoticia.com.br\/noticia\/wp-json\/wp\/v2\/comments?post=182619"}],"version-history":[{"count":0,"href":"https:\/\/migracao.redenoticia.com.br\/noticia\/wp-json\/wp\/v2\/posts\/182619\/revisions"}],"wp:featuredmedia":[{"embeddable":true,"href":"https:\/\/migracao.redenoticia.com.br\/noticia\/wp-json\/wp\/v2\/media\/164525"}],"wp:attachment":[{"href":"https:\/\/migracao.redenoticia.com.br\/noticia\/wp-json\/wp\/v2\/media?parent=182619"}],"wp:term":[{"taxonomy":"category","embeddable":true,"href":"https:\/\/migracao.redenoticia.com.br\/noticia\/wp-json\/wp\/v2\/categories?post=182619"},{"taxonomy":"post_tag","embeddable":true,"href":"https:\/\/migracao.redenoticia.com.br\/noticia\/wp-json\/wp\/v2\/tags?post=182619"}],"curies":[{"name":"wp","href":"https:\/\/api.w.org\/{rel}","templated":true}]}}