{"id":18264,"date":"2009-11-23T20:22:59","date_gmt":"2009-11-24T00:22:59","guid":{"rendered":"http:\/\/www.redenoticia.com.br\/noticia\/?p=18264"},"modified":"2009-11-23T20:22:59","modified_gmt":"2009-11-24T00:22:59","slug":"rede-record-divulga-como-sera-o-segundo-desafio-de-a-fazenda","status":"publish","type":"post","link":"https:\/\/migracao.redenoticia.com.br\/noticia\/2009\/rede-record-divulga-como-sera-o-segundo-desafio-de-a-fazenda\/18264","title":{"rendered":"Rede Record divulga como ser\u00e1 o segundo desafio de A Fazenda"},"content":{"rendered":"<p><strong><em><img loading=\"lazy\" decoding=\"async\" class=\"alignleft size-full wp-image-17419\" title=\"a fazenda\" src=\"https:\/\/migracao.redenoticia.com.br\/noticia\/imagens\/a-fazenda.jpg\" alt=\"a fazenda\" width=\"300\" height=\"193\" srcset=\"https:\/\/migracao.redenoticia.com.br\/noticia\/imagens\/a-fazenda.jpg 300w, https:\/\/migracao.redenoticia.com.br\/noticia\/imagens\/a-fazenda-250x160.jpg 250w, https:\/\/migracao.redenoticia.com.br\/noticia\/imagens\/a-fazenda-150x96.jpg 150w\" sizes=\"auto, (max-width: 300px) 100vw, 300px\" \/>Rede Record<\/em><\/strong> \u2013 na noite desta segunda-feira (23\/11), a Rede Record convocou os pe\u00f5es de <strong><em>A Fazenda<\/em><\/strong> para a primeira parte do segundo desafio semanal, onde quem perde passa a ser o primeiro competidor que vai pra ro\u00e7a. Os pe\u00f5es receberam uma chave cada e foram divididos em duas equipes. A prova foi uma esp\u00e9cie de circuito de arvorismo, com escaladas, plataformas, cordas e troncos suspensos. Os primeiros a vencer o circuito tiveram o direito de abrir um arm\u00e1rio e ficaram livres da segunda etapa da prova, que dever\u00e1 acontecer nesta ter\u00e7a-feira no programa ao vivo de A Fazenda da Rede Record.\u00a0<\/p>\n<p>A equipe vermelha composta pelos pe\u00f5es de A Fazenda Andr\u00e9 Segatti, MC Leozinho, Maur\u00edcio Manieri, Sheila Mello, Karina Bacchi e Cacau Melo est\u00e3o salvos de ir parar na ro\u00e7a de A Fazenda da Rede Record, pelo menos at\u00e9 quarta-feira. Qualquer componente da equipe verde, formada por Adriana Bombom, Caco Ricci, Andressa Oliveira, Igor Cotrim, Maria Jo\u00e3o e Xuxa, corre o risco de ir parar na ro\u00e7a no final da prova.<\/p>\n<p>A equipe verde perdeu o desafio quando Andressa Oliveira deixou sua chave cair no meio do feno. Nenhum pe\u00e3o da equipe verde conseguiu achar a chave e a equipe vermelha ganhou a prova com tranq\u00fcilidade. Bombom mais uma vez chorou muito ap\u00f3s ter perdido mais uma prova de A Fazenda da Rede Record.<\/p>\n<p>Rede Record &#8211; A Fazenda<\/p>\n","protected":false},"excerpt":{"rendered":"<p>Rede Record \u2013 na noite desta segunda-feira (23\/11), a Rede Record convocou os pe\u00f5es de A Fazenda para a primeira parte do segundo desafio semanal, onde quem perde passa a ser o primeiro competidor que vai pra ro\u00e7a. Os pe\u00f5es receberam uma chave cada e foram divididos em duas equipes. A prova foi uma esp\u00e9cie [&hellip;]<\/p>\n","protected":false},"author":3,"featured_media":0,"comment_status":"open","ping_status":"open","sticky":false,"template":"","format":"standard","meta":{"tdm_status":"","tdm_grid_status":"","footnotes":""},"categories":[22,371,343],"tags":[],"class_list":{"0":"post-18264","1":"post","2":"type-post","3":"status-publish","4":"format-standard","6":"category-brasil","7":"category-rede-record","8":"category-televisao"},"_links":{"self":[{"href":"https:\/\/migracao.redenoticia.com.br\/noticia\/wp-json\/wp\/v2\/posts\/18264","targetHints":{"allow":["GET"]}}],"collection":[{"href":"https:\/\/migracao.redenoticia.com.br\/noticia\/wp-json\/wp\/v2\/posts"}],"about":[{"href":"https:\/\/migracao.redenoticia.com.br\/noticia\/wp-json\/wp\/v2\/types\/post"}],"author":[{"embeddable":true,"href":"https:\/\/migracao.redenoticia.com.br\/noticia\/wp-json\/wp\/v2\/users\/3"}],"replies":[{"embeddable":true,"href":"https:\/\/migracao.redenoticia.com.br\/noticia\/wp-json\/wp\/v2\/comments?post=18264"}],"version-history":[{"count":0,"href":"https:\/\/migracao.redenoticia.com.br\/noticia\/wp-json\/wp\/v2\/posts\/18264\/revisions"}],"wp:attachment":[{"href":"https:\/\/migracao.redenoticia.com.br\/noticia\/wp-json\/wp\/v2\/media?parent=18264"}],"wp:term":[{"taxonomy":"category","embeddable":true,"href":"https:\/\/migracao.redenoticia.com.br\/noticia\/wp-json\/wp\/v2\/categories?post=18264"},{"taxonomy":"post_tag","embeddable":true,"href":"https:\/\/migracao.redenoticia.com.br\/noticia\/wp-json\/wp\/v2\/tags?post=18264"}],"curies":[{"name":"wp","href":"https:\/\/api.w.org\/{rel}","templated":true}]}}