{"id":182647,"date":"2019-10-25T21:20:50","date_gmt":"2019-10-26T00:20:50","guid":{"rendered":"https:\/\/www.redenoticia.com.br\/noticia\/?p=182647"},"modified":"2019-10-27T15:13:02","modified_gmt":"2019-10-27T18:13:02","slug":"novela-a-dona-do-pedaco-marlene-desconfia-de-jo-e-pressiona-evelina","status":"publish","type":"post","link":"https:\/\/migracao.redenoticia.com.br\/noticia\/2019\/novela-a-dona-do-pedaco-marlene-desconfia-de-jo-e-pressiona-evelina\/182647","title":{"rendered":"Novela \u201cA Dona do Peda\u00e7o\u201d: Marlene desconfia de J\u00f4 e pressiona Evelina"},"content":{"rendered":"<p><img loading=\"lazy\" decoding=\"async\" src=\"https:\/\/migracao.redenoticia.com.br\/noticia\/imagens\/A-Dona-do-Pedaco-globo-resumo-314x300.jpg\" alt=\"\" width=\"314\" height=\"300\" class=\"aligncenter size-large wp-image-175348\" srcset=\"https:\/\/migracao.redenoticia.com.br\/noticia\/imagens\/A-Dona-do-Pedaco-globo-resumo-314x300.jpg 314w, https:\/\/migracao.redenoticia.com.br\/noticia\/imagens\/A-Dona-do-Pedaco-globo-resumo-196x187.jpg 196w, https:\/\/migracao.redenoticia.com.br\/noticia\/imagens\/A-Dona-do-Pedaco-globo-resumo.jpg 457w\" sizes=\"auto, (max-width: 314px) 100vw, 314px\" \/> <strong><em>Novela &#8220;A Dona do Peda\u00e7o\u201d:<\/em><\/strong> Evelina (N\u00edvea Maria) descobre que Josiane (Agatha Moreira) matou Jardel (Duio Botta) e Lucas (Kainan Ferraz), mas mente para Camilo (Lee Taylor) e protege a neta. Josiane visita Evelina e ela diz: &#8220;N\u00e3o pense que sou sua inimiga. C\u00ea corre perigo. Talvez seja o caso de fugir&#8221;. Josiane tenta convencer T\u00e9o (Rainer Cadete) a lev\u00e1-la para morar fora do pa\u00eds e conta para Evelina. A av\u00f3 aconselha: &#8220;Fa\u00e7a isso. V\u00e1 pro exterior se puder. \u00c9 uma boa ideia&#8221;. Camilo volta a interrogar Evelina e ela afirma que Josiane estava com ela, na mans\u00e3o, na hora do assassinato de Jardel: &#8220;Ela saiu pra fotografar, mas chegou cedo, porque acabou n\u00e3o fotografando. Ficou em casa&#8230; Conversamos sobre bolos&#8230; O assunto sempre \u00e9 bolos&#8221;.<\/p>\n<p>Marlene (Suely Franco) desconfia e depois pressiona Evelina: &#8220;Voc\u00ea mentiu para a pol\u00edcia &#8230; Eu conhe\u00e7o a Josiane desde menina. Ela falando de bolos com voc\u00ea? \u00c9 de morrer de rir, ela sempre odiou o fato da m\u00e3e ser boleira. Nunca suportou falar de bolos. Acha que vou cair nessa? Ela estava roubando o marido da m\u00e3e, preparando um golpe para tomar dinheiro dela. Voc\u00ea mentiu. Por qu\u00ea? &#8230; A Josiane n\u00e3o estava l\u00e1 naquele dia, n\u00e3o \u00e9? Conte a verdade para mim&#8221;. Evelina desconversa. Cena prevista para dia 21 de outubro na novela \u201cA Dona do Peda\u00e7o\u201d.<\/p>\n<p>\u201cA Dona do Peda\u00e7o\u201d: a novela enaltece a trajet\u00f3ria de Maria da Paz (Juliana Paes), uma jovem humilde, da cidade fict\u00edcia de Rio Vermelho, no Esp\u00edrito Santo. Maria vem de uma fam\u00edlia de justiceiros profissionais, os Ramirez, e se apaixona justamente por Amadeu (Marcos Palmeira), advogado formado em Vit\u00f3ria e membro do cl\u00e3 rival nos neg\u00f3cios, os Matheus. A trama, dividida em um pr\u00f3logo e duas fases, traz uma hist\u00f3ria de amor com elementos \u00e0 Romeu e Julieta, sem perder o humor, que permeia todo o folhetim.<\/p>\n","protected":false},"excerpt":{"rendered":"<p>Novela &#8220;A Dona do Peda\u00e7o\u201d: Evelina (N\u00edvea Maria) descobre que Josiane (Agatha Moreira) matou Jardel (Duio Botta) e Lucas (Kainan Ferraz), mas mente para Camilo (Lee Taylor) e protege a neta. Josiane visita Evelina e ela diz: &#8220;N\u00e3o pense que sou sua inimiga. C\u00ea corre perigo. Talvez seja o caso de fugir&#8221;. Josiane tenta convencer [&hellip;]<\/p>\n","protected":false},"author":2,"featured_media":177863,"comment_status":"open","ping_status":"closed","sticky":false,"template":"","format":"standard","meta":{"tdm_status":"","tdm_grid_status":"","footnotes":""},"categories":[543,379,375,343],"tags":[440],"class_list":{"0":"post-182647","1":"post","2":"type-post","3":"status-publish","4":"format-standard","5":"has-post-thumbnail","7":"category-a-dona-do-pedaco","8":"category-novelas","9":"category-rede-globo","10":"category-televisao","11":"tag-noticia-novela"},"_links":{"self":[{"href":"https:\/\/migracao.redenoticia.com.br\/noticia\/wp-json\/wp\/v2\/posts\/182647","targetHints":{"allow":["GET"]}}],"collection":[{"href":"https:\/\/migracao.redenoticia.com.br\/noticia\/wp-json\/wp\/v2\/posts"}],"about":[{"href":"https:\/\/migracao.redenoticia.com.br\/noticia\/wp-json\/wp\/v2\/types\/post"}],"author":[{"embeddable":true,"href":"https:\/\/migracao.redenoticia.com.br\/noticia\/wp-json\/wp\/v2\/users\/2"}],"replies":[{"embeddable":true,"href":"https:\/\/migracao.redenoticia.com.br\/noticia\/wp-json\/wp\/v2\/comments?post=182647"}],"version-history":[{"count":0,"href":"https:\/\/migracao.redenoticia.com.br\/noticia\/wp-json\/wp\/v2\/posts\/182647\/revisions"}],"wp:featuredmedia":[{"embeddable":true,"href":"https:\/\/migracao.redenoticia.com.br\/noticia\/wp-json\/wp\/v2\/media\/177863"}],"wp:attachment":[{"href":"https:\/\/migracao.redenoticia.com.br\/noticia\/wp-json\/wp\/v2\/media?parent=182647"}],"wp:term":[{"taxonomy":"category","embeddable":true,"href":"https:\/\/migracao.redenoticia.com.br\/noticia\/wp-json\/wp\/v2\/categories?post=182647"},{"taxonomy":"post_tag","embeddable":true,"href":"https:\/\/migracao.redenoticia.com.br\/noticia\/wp-json\/wp\/v2\/tags?post=182647"}],"curies":[{"name":"wp","href":"https:\/\/api.w.org\/{rel}","templated":true}]}}