{"id":182678,"date":"2019-09-30T11:17:52","date_gmt":"2019-09-30T14:17:52","guid":{"rendered":"https:\/\/www.redenoticia.com.br\/noticia\/?p=182678"},"modified":"2019-09-30T11:17:52","modified_gmt":"2019-09-30T14:17:52","slug":"resumo-novela-abismo-de-paixao-01-10-henrique-espalha-boatos-sobre-elisa","status":"publish","type":"post","link":"https:\/\/migracao.redenoticia.com.br\/noticia\/2019\/resumo-novela-abismo-de-paixao-01-10-henrique-espalha-boatos-sobre-elisa\/182678","title":{"rendered":"Resumo novela \u201cAbismo de Paix\u00e3o\u201d 01\/10: Henrique espalha boatos sobre Elisa"},"content":{"rendered":"<p><img loading=\"lazy\" decoding=\"async\" class=\"aligncenter size-large wp-image-181127\" src=\"https:\/\/migracao.redenoticia.com.br\/noticia\/imagens\/abismo-de-paixao-sbt-resumo-327x300.jpg\" alt=\"\" width=\"327\" height=\"300\" srcset=\"https:\/\/migracao.redenoticia.com.br\/noticia\/imagens\/abismo-de-paixao-sbt-resumo-327x300.jpg 327w, https:\/\/migracao.redenoticia.com.br\/noticia\/imagens\/abismo-de-paixao-sbt-resumo-204x187.jpg 204w, https:\/\/migracao.redenoticia.com.br\/noticia\/imagens\/abismo-de-paixao-sbt-resumo.jpg 426w\" sizes=\"auto, (max-width: 327px) 100vw, 327px\" \/><\/p>\n<p><strong><em>Resumo da novela \u201cAbismo de Paix\u00e3o\u201d<\/em><\/strong> em 01\/10: no cap\u00edtulo 026(*) da novela, ter\u00e7a-feira, 01 de outubro, Edmundo diz a Carmen que n\u00e3o faltar\u00e1 com sua \u00e9tica profissional, nem por ela, nem por ningu\u00e9m. Ele afirma que se ela n\u00e3o quer enfrentar Augusto \u00e9 porque n\u00e3o o ama como diz amar. Carmen responde que Edmundo acaba de perd\u00ea-la. Br\u00e1ulio diz a Dami\u00e3o que Ramiro convenceu Almerinda a despedir L\u00facio, pois do contr\u00e1rio o senhor continuaria trabalhando. Dami\u00e3o visita L\u00facio para propor que ele volte ao trabalho na processadora. L\u00facio responde Dami\u00e3o n\u00e3o tem esse direito, pois apesar de ser o dono, n\u00e3o est\u00e1 a par da situa\u00e7\u00e3o dos trabalhadores. Carmen procura Ramiro para que ele a ajude a se desfazer das amostras de sangue de Elisa e Augusto.<\/p>\n<p>Ramiro tenta tomar Carmen a for\u00e7a e a diz que se precisa mesmo de sua ajuda, ele cobrar\u00e1 o favor adiantado. Carmen o esbofeteia e o diz n\u00e3o precisar dele para nada. Elisa escuta quando Dami\u00e3o diz a L\u00facio que vai embora porque Almerinda sempre o est\u00e1 determinando o que fazer, e isso o incomoda. Paulo procura Elisa e diz tudo que sente por ela, Elisa o responde que ele est\u00e1 perdendo seu tempo com ela. Dami\u00e3o diz a Almerinda que n\u00e3o entende porque ela confia tanto em Ramiro Mendon\u00e7a, que \u00e9 uma pessoa que n\u00e3o tem respeito nenhum pelos trabalhadores.<\/p>\n<p>Almerinda o responde que ele n\u00e3o tem nenhum direito de julgar Ramiro, e que gra\u00e7as \u00e1 ele a processadora segue funcionando desde a morte de Rog\u00e9rio. Dami\u00e3o se enfurece quando Henrique diz que Elisa estava paquerando Ramiro. Henrique segue espalhando os boatos de que Elisa j\u00e1 esteve com a maior parte dos homens do povoado. Dami\u00e3o o sacode e pergunta se ela tamb\u00e9m se meteu com ele. Flor\u00eancia interrompe a discuss\u00e3o e diz a Dami\u00e3o que ele fica como louco quando ouve falar de Elisa.<\/p>\n<p>Dami\u00e3o diz a Flor\u00eancia que o chateia que digam tantas mentiras de Elisa, porque ele a conhece muito bem e sabe que ela n\u00e3o \u00e9 assim como dizem. Carmen tenta subornar uma enfermeira para que entregue exames falsos de DNA a Augusto. No entanto, ela responde que se Carmen n\u00e3o se retirar ir\u00e1 chamar o seguran\u00e7a. Almerinda tenta fazer um trato com Elisa sem o conhecimento de Augusto, mas ela responde que se seu pai n\u00e3o est\u00e1 de acordo, n\u00e3o h\u00e1 trato.<\/p>\n<p>(*) edi\u00e7\u00e3o do SBT, Novela \u201cAbismo de Paix\u00e3o\u201d, sujeito a altera\u00e7\u00e3o de data e conte\u00fado.<\/p>\n<p>&#8220;Abismo de Paix\u00e3o&#8221;- Augusto Casta\u00f1\u00f3n (Alejandro Camacho) e Estef\u00e2nia Bouvier de Casta\u00f1\u00f3n (Ludwika Paleta) s\u00e3o pais de Elisa (Angelique Boyer). Com eles vive Carmen Bouvier (Sabine Moussier), irm\u00e3 mais velha de Estef\u00e2nia e que vai fugir do povoado com Rog\u00e9rio Arango (C\u00e9sar \u00c9vora), esposo de Almerinda Arango (Blanca Guerra) e pai de Dami\u00e3o (David Zepeda), melhor amigo de Elisa. Almerinda descobre e alerta a Augusto.<\/p>\n<p>Por sua parte, Estef\u00e2nia tenta impedir Rog\u00e9rio a n\u00e3o abandonar sua fam\u00edlia, mas devido ao intemp\u00e9rie da chuva, ambos morrem em um acidente de carro. Carmem aproveita o fato para fazer Augusto acreditar que sua esposa era infiel. Augusto, por despeito, casa-se com Carmem, apesar de n\u00e3o estar apaixonado por ela e nem am\u00e1-la. Carmem est\u00e1 gr\u00e1vida de Rog\u00e9rio, mas mente para Augusto, dizendo que o filho \u00e9 dele. <\/p>\n<p>Querendo bater em Elisa, Carmem escorrega e cai na piscina da casa, causando morte s\u00fabita ao beb\u00ea. Por sua parte, Almerinda decide mandar a Dami\u00e3o para fora do povoado a estudar para separ\u00e1-lo de Elisa de quem \u00e9 muito amigo, amizade que ela n\u00e3o v\u00ea com bons olhos, ap\u00f3s inocentemente os dois fugirem juntos.<\/p>\n","protected":false},"excerpt":{"rendered":"<p>Resumo da novela \u201cAbismo de Paix\u00e3o\u201d em 01\/10: no cap\u00edtulo 026(*) da novela, ter\u00e7a-feira, 01 de outubro, Edmundo diz a Carmen que n\u00e3o faltar\u00e1 com sua \u00e9tica profissional, nem por ela, nem por ningu\u00e9m. Ele afirma que se ela n\u00e3o quer enfrentar Augusto \u00e9 porque n\u00e3o o ama como diz amar. Carmen responde que Edmundo [&hellip;]<\/p>\n","protected":false},"author":4,"featured_media":181126,"comment_status":"open","ping_status":"closed","sticky":false,"template":"","format":"standard","meta":{"tdm_status":"","tdm_grid_status":"","footnotes":""},"categories":[379,372,343],"tags":[441],"class_list":{"0":"post-182678","1":"post","2":"type-post","3":"status-publish","4":"format-standard","5":"has-post-thumbnail","7":"category-novelas","8":"category-sbt","9":"category-televisao","10":"tag-resumo-do-dia"},"_links":{"self":[{"href":"https:\/\/migracao.redenoticia.com.br\/noticia\/wp-json\/wp\/v2\/posts\/182678","targetHints":{"allow":["GET"]}}],"collection":[{"href":"https:\/\/migracao.redenoticia.com.br\/noticia\/wp-json\/wp\/v2\/posts"}],"about":[{"href":"https:\/\/migracao.redenoticia.com.br\/noticia\/wp-json\/wp\/v2\/types\/post"}],"author":[{"embeddable":true,"href":"https:\/\/migracao.redenoticia.com.br\/noticia\/wp-json\/wp\/v2\/users\/4"}],"replies":[{"embeddable":true,"href":"https:\/\/migracao.redenoticia.com.br\/noticia\/wp-json\/wp\/v2\/comments?post=182678"}],"version-history":[{"count":0,"href":"https:\/\/migracao.redenoticia.com.br\/noticia\/wp-json\/wp\/v2\/posts\/182678\/revisions"}],"wp:featuredmedia":[{"embeddable":true,"href":"https:\/\/migracao.redenoticia.com.br\/noticia\/wp-json\/wp\/v2\/media\/181126"}],"wp:attachment":[{"href":"https:\/\/migracao.redenoticia.com.br\/noticia\/wp-json\/wp\/v2\/media?parent=182678"}],"wp:term":[{"taxonomy":"category","embeddable":true,"href":"https:\/\/migracao.redenoticia.com.br\/noticia\/wp-json\/wp\/v2\/categories?post=182678"},{"taxonomy":"post_tag","embeddable":true,"href":"https:\/\/migracao.redenoticia.com.br\/noticia\/wp-json\/wp\/v2\/tags?post=182678"}],"curies":[{"name":"wp","href":"https:\/\/api.w.org\/{rel}","templated":true}]}}