{"id":182680,"date":"2019-09-30T11:19:09","date_gmt":"2019-09-30T14:19:09","guid":{"rendered":"https:\/\/www.redenoticia.com.br\/noticia\/?p=182680"},"modified":"2019-09-30T11:19:09","modified_gmt":"2019-09-30T14:19:09","slug":"resumo-novela-a-que-nao-podia-amar-01-10-vanessa-se-associa-a-bruno-para-prejudicar-rogerio","status":"publish","type":"post","link":"https:\/\/migracao.redenoticia.com.br\/noticia\/2019\/resumo-novela-a-que-nao-podia-amar-01-10-vanessa-se-associa-a-bruno-para-prejudicar-rogerio\/182680","title":{"rendered":"Resumo novela \u201cA Que N\u00e3o Podia Amar\u201d 01\/10: Vanessa se associa a Bruno para prejudicar Rog\u00e9rio"},"content":{"rendered":"<p><img loading=\"lazy\" decoding=\"async\" class=\"aligncenter size-large wp-image-173635\" src=\"https:\/\/migracao.redenoticia.com.br\/noticia\/imagens\/a-que-nao-podia-amar-400x271.jpg\" alt=\"\" width=\"400\" height=\"271\" srcset=\"https:\/\/migracao.redenoticia.com.br\/noticia\/imagens\/a-que-nao-podia-amar-400x271.jpg 400w, https:\/\/migracao.redenoticia.com.br\/noticia\/imagens\/a-que-nao-podia-amar-250x169.jpg 250w, https:\/\/migracao.redenoticia.com.br\/noticia\/imagens\/a-que-nao-podia-amar-560x379.jpg 560w, https:\/\/migracao.redenoticia.com.br\/noticia\/imagens\/a-que-nao-podia-amar.jpg 620w\" sizes=\"auto, (max-width: 400px) 100vw, 400px\" \/><\/p>\n<p><strong><em>Resumo da novela \u201cA Que N\u00e3o Podia Amar\u201d<\/em><\/strong> em 01\/10: no cap\u00edtulo 127(*) da novela, ter\u00e7a-feira, 01 de outubro, Rog\u00e9rio pergunta a Ana Paula se n\u00e3o lhe importa o que aconteceu entre Vanessa e ele, esta diz que sim lhe doeu, mas que j\u00e1 \u00e9 passado. Vanessa conversa com Ana Paula e diz que ainda que ela n\u00e3o tenha conseguido ser feliz com Rog\u00e9rio, que espera que sua irm\u00e3 sim o seja. Por outro lado, C\u00edntia fica furiosa ao ver que o cobertor que Maria fez para seu beb\u00ea n\u00e3o \u00e9 igual ao de Ana Paula. Mais tarde, Gustavo confessa a Ana Paula que sente inveja por n\u00e3o ser ele quem se casar\u00e1 com ela. Vanessa aceita se associar com Bruno para prejudicar o neg\u00f3cio de Rog\u00e9rio. Mais tarde, o fazendeiro fica sabendo que perdeu um contrato muito importante.<\/p>\n<p>(*) edi\u00e7\u00e3o do SBT, Novela \u201cA Que N\u00e3o Podia Amar\u201d, sujeito a altera\u00e7\u00e3o de data e conte\u00fado.<\/p>\n<p>&#8220;A Que N\u00e3o Podia Amar&#8221;- Ana Paula, uma enfermeira humilde que se v\u00ea obrigada a trabalhar na casa de Rog\u00e9rio Montero (Jorge Salinas), um homem amargurado. Rog\u00e9rio sofre por ser parapl\u00e9gico e destrata todas as pessoas. Ana Paula atura tudo calada e o rica\u00e7o se apaixona por ela.<\/p>\n<p>Ana conhece Gustavo Duran (Jos\u00e9 Ron), um engenheiro nobre e trabalhador. Os dois se apaixonam, mas ter\u00e3o de enfrentar Rog\u00e9rio, j\u00e1 que ele tamb\u00e9m gosta da mocinha, formando assim, um tri\u00e2ngulo amoroso com terr\u00edveis consequ\u00eancias.<\/p>\n","protected":false},"excerpt":{"rendered":"<p>Resumo da novela \u201cA Que N\u00e3o Podia Amar\u201d em 01\/10: no cap\u00edtulo 127(*) da novela, ter\u00e7a-feira, 01 de outubro, Rog\u00e9rio pergunta a Ana Paula se n\u00e3o lhe importa o que aconteceu entre Vanessa e ele, esta diz que sim lhe doeu, mas que j\u00e1 \u00e9 passado. Vanessa conversa com Ana Paula e diz que ainda [&hellip;]<\/p>\n","protected":false},"author":4,"featured_media":173627,"comment_status":"open","ping_status":"closed","sticky":false,"template":"","format":"standard","meta":{"tdm_status":"","tdm_grid_status":"","footnotes":""},"categories":[379,372,343],"tags":[441],"class_list":{"0":"post-182680","1":"post","2":"type-post","3":"status-publish","4":"format-standard","5":"has-post-thumbnail","7":"category-novelas","8":"category-sbt","9":"category-televisao","10":"tag-resumo-do-dia"},"_links":{"self":[{"href":"https:\/\/migracao.redenoticia.com.br\/noticia\/wp-json\/wp\/v2\/posts\/182680","targetHints":{"allow":["GET"]}}],"collection":[{"href":"https:\/\/migracao.redenoticia.com.br\/noticia\/wp-json\/wp\/v2\/posts"}],"about":[{"href":"https:\/\/migracao.redenoticia.com.br\/noticia\/wp-json\/wp\/v2\/types\/post"}],"author":[{"embeddable":true,"href":"https:\/\/migracao.redenoticia.com.br\/noticia\/wp-json\/wp\/v2\/users\/4"}],"replies":[{"embeddable":true,"href":"https:\/\/migracao.redenoticia.com.br\/noticia\/wp-json\/wp\/v2\/comments?post=182680"}],"version-history":[{"count":0,"href":"https:\/\/migracao.redenoticia.com.br\/noticia\/wp-json\/wp\/v2\/posts\/182680\/revisions"}],"wp:featuredmedia":[{"embeddable":true,"href":"https:\/\/migracao.redenoticia.com.br\/noticia\/wp-json\/wp\/v2\/media\/173627"}],"wp:attachment":[{"href":"https:\/\/migracao.redenoticia.com.br\/noticia\/wp-json\/wp\/v2\/media?parent=182680"}],"wp:term":[{"taxonomy":"category","embeddable":true,"href":"https:\/\/migracao.redenoticia.com.br\/noticia\/wp-json\/wp\/v2\/categories?post=182680"},{"taxonomy":"post_tag","embeddable":true,"href":"https:\/\/migracao.redenoticia.com.br\/noticia\/wp-json\/wp\/v2\/tags?post=182680"}],"curies":[{"name":"wp","href":"https:\/\/api.w.org\/{rel}","templated":true}]}}