{"id":182684,"date":"2019-09-30T11:22:25","date_gmt":"2019-09-30T14:22:25","guid":{"rendered":"https:\/\/www.redenoticia.com.br\/noticia\/?p=182684"},"modified":"2019-09-30T11:22:25","modified_gmt":"2019-09-30T14:22:25","slug":"resumo-novela-cumplices-de-um-resgate-01-10-pedro-quase-atropela-otavio","status":"publish","type":"post","link":"https:\/\/migracao.redenoticia.com.br\/noticia\/2019\/resumo-novela-cumplices-de-um-resgate-01-10-pedro-quase-atropela-otavio\/182684","title":{"rendered":"Resumo novela \u201cC\u00famplices de um Resgate\u201d 01\/10: Pedro quase atropela Ot\u00e1vio"},"content":{"rendered":"<p><img loading=\"lazy\" decoding=\"async\" class=\"aligncenter size-large wp-image-164526\" src=\"https:\/\/migracao.redenoticia.com.br\/noticia\/imagens\/cumplices-de-um-resgate-001-316x300.jpg\" alt=\"\" width=\"316\" height=\"300\" srcset=\"https:\/\/migracao.redenoticia.com.br\/noticia\/imagens\/cumplices-de-um-resgate-001-316x300.jpg 316w, https:\/\/migracao.redenoticia.com.br\/noticia\/imagens\/cumplices-de-um-resgate-001-197x187.jpg 197w, https:\/\/migracao.redenoticia.com.br\/noticia\/imagens\/cumplices-de-um-resgate-001-150x143.jpg 150w, https:\/\/migracao.redenoticia.com.br\/noticia\/imagens\/cumplices-de-um-resgate-001.jpg 526w\" sizes=\"auto, (max-width: 316px) 100vw, 316px\" \/><\/p>\n<p><strong><em>Resumo novela \u201cC\u00famplices de um Resgate\u201d 01\/10<\/em><\/strong>: no cap\u00edtulo 192(*) da novela, ter\u00e7a-feira, 01 de outubro, Priscila leva Geraldo para a recep\u00e7\u00e3o e se deparar com o agente de viagens. As crian\u00e7as conseguem inventar uma desculpa. Ot\u00e1vio vai at\u00e9 o Vilarejo e leva presente para todos. Clara e Luiz conversam sobre a proposta dela de comprarem a confec\u00e7\u00e3o dela. Ele sugere que conversem com Ot\u00e1vio para que ele seja o investidor deles. Os capangas de Geraldo apostam quem conseguir\u00e1 dar o primeiro beijo em Lurdinha.<\/p>\n<p>O pastor sugere que aproveitem a pe\u00e7a para fazer uma festa surpresa para Manuela. Ot\u00e1vio faz manobras de skate para mostrar para Mateus. Pedro parece dirigindo e quase atropela Ot\u00e1vio. Isabela briga com Pedro e o culpa pelo ocorrido para defender Ot\u00e1vio. Todos estranham o comportamento dela, que se passa por Manuela. Com a perna machucada, Ot\u00e1vio ter\u00e1 que ficar no vilarejo.<\/p>\n<p>(*) edi\u00e7\u00e3o do SBT, Novela \u201cC\u00famplices de um Resgate\u201d, sujeito a altera\u00e7\u00e3o de data e conte\u00fado.<\/p>\n<p>\u201cC\u00famplices de um Resgate\u201d &#8211; Duas irm\u00e3s g\u00eameas univitelinas que foram separadas ap\u00f3s nascimento, se reencontram somente ap\u00f3s doze anos. Manuela, uma das g\u00eameas, \u00e9 doce, meiga, gentil, e muito talentosa para a m\u00fasica e tem uma voz encantadora. Vive uma vida feliz no Vilarejo dos Sonhos, onde mora com sua av\u00f3 Nina, sua tia Helena e sua m\u00e3e Rebeca, que d\u00e1 muito amor e carinho a filha por ela nunca ter tido um pai, e ela \u00e9 a m\u00e3e biol\u00f3gica das duas garotas, mas nunca soube que teve g\u00eameas.<\/p>\n","protected":false},"excerpt":{"rendered":"<p>Resumo novela \u201cC\u00famplices de um Resgate\u201d 01\/10: no cap\u00edtulo 192(*) da novela, ter\u00e7a-feira, 01 de outubro, Priscila leva Geraldo para a recep\u00e7\u00e3o e se deparar com o agente de viagens. As crian\u00e7as conseguem inventar uma desculpa. Ot\u00e1vio vai at\u00e9 o Vilarejo e leva presente para todos. Clara e Luiz conversam sobre a proposta dela de [&hellip;]<\/p>\n","protected":false},"author":4,"featured_media":164526,"comment_status":"open","ping_status":"closed","sticky":false,"template":"","format":"standard","meta":{"tdm_status":"","tdm_grid_status":"","footnotes":""},"categories":[379,372,343],"tags":[441],"class_list":{"0":"post-182684","1":"post","2":"type-post","3":"status-publish","4":"format-standard","5":"has-post-thumbnail","7":"category-novelas","8":"category-sbt","9":"category-televisao","10":"tag-resumo-do-dia"},"_links":{"self":[{"href":"https:\/\/migracao.redenoticia.com.br\/noticia\/wp-json\/wp\/v2\/posts\/182684","targetHints":{"allow":["GET"]}}],"collection":[{"href":"https:\/\/migracao.redenoticia.com.br\/noticia\/wp-json\/wp\/v2\/posts"}],"about":[{"href":"https:\/\/migracao.redenoticia.com.br\/noticia\/wp-json\/wp\/v2\/types\/post"}],"author":[{"embeddable":true,"href":"https:\/\/migracao.redenoticia.com.br\/noticia\/wp-json\/wp\/v2\/users\/4"}],"replies":[{"embeddable":true,"href":"https:\/\/migracao.redenoticia.com.br\/noticia\/wp-json\/wp\/v2\/comments?post=182684"}],"version-history":[{"count":0,"href":"https:\/\/migracao.redenoticia.com.br\/noticia\/wp-json\/wp\/v2\/posts\/182684\/revisions"}],"wp:featuredmedia":[{"embeddable":true,"href":"https:\/\/migracao.redenoticia.com.br\/noticia\/wp-json\/wp\/v2\/media\/164526"}],"wp:attachment":[{"href":"https:\/\/migracao.redenoticia.com.br\/noticia\/wp-json\/wp\/v2\/media?parent=182684"}],"wp:term":[{"taxonomy":"category","embeddable":true,"href":"https:\/\/migracao.redenoticia.com.br\/noticia\/wp-json\/wp\/v2\/categories?post=182684"},{"taxonomy":"post_tag","embeddable":true,"href":"https:\/\/migracao.redenoticia.com.br\/noticia\/wp-json\/wp\/v2\/tags?post=182684"}],"curies":[{"name":"wp","href":"https:\/\/api.w.org\/{rel}","templated":true}]}}