{"id":182698,"date":"2019-10-08T19:30:24","date_gmt":"2019-10-08T22:30:24","guid":{"rendered":"https:\/\/www.redenoticia.com.br\/noticia\/?p=182698"},"modified":"2019-10-08T20:20:51","modified_gmt":"2019-10-08T23:20:51","slug":"novela-a-dona-do-pedaco-vivi-faz-proposta-de-trabalho-para-chiclete","status":"publish","type":"post","link":"https:\/\/migracao.redenoticia.com.br\/noticia\/2019\/novela-a-dona-do-pedaco-vivi-faz-proposta-de-trabalho-para-chiclete\/182698","title":{"rendered":"Novela \u201cA Dona do Peda\u00e7o\u201d: Vivi faz novo plano de fuga com Chiclete"},"content":{"rendered":"<p><img loading=\"lazy\" decoding=\"async\" src=\"https:\/\/migracao.redenoticia.com.br\/noticia\/imagens\/A-Dona-do-Pedaco-globo-06-310x300.jpg\" alt=\"\" width=\"310\" height=\"300\" class=\"aligncenter size-large wp-image-176787\" srcset=\"https:\/\/migracao.redenoticia.com.br\/noticia\/imagens\/A-Dona-do-Pedaco-globo-06-310x300.jpg 310w, https:\/\/migracao.redenoticia.com.br\/noticia\/imagens\/A-Dona-do-Pedaco-globo-06-193x187.jpg 193w, https:\/\/migracao.redenoticia.com.br\/noticia\/imagens\/A-Dona-do-Pedaco-globo-06.jpg 608w\" sizes=\"auto, (max-width: 310px) 100vw, 310px\" \/> <strong><em>Novela &#8220;A Dona do Peda\u00e7o\u201d:<\/em><\/strong> Vivi (Paolla Oliveira) reata com Chiclete (Sergio Guiz\u00e9) e trai Camilo (Lee Taylor). Berta (Ana Lucia Torre) vira c\u00famplice do casal e facilita os encontros do casal. Com medo do marido, Vivi arma um plano de fuga com seu pai Ot\u00e1vio (Jos\u00e9 de Abreu) e conta para o amante: &#8220;Ele consegue documentos pra n\u00f3s dois&#8230; A gente sai do pa\u00eds, vai pra uma ilha. Uma ilha bem bonita. Ele t\u00e1 vendo em sigilo um hotel. Um pequeno hotel de muito charme, a gente pode cuidar junto&#8221;.<\/p>\n<p>Chiclete aprova a id\u00e9ia: &#8220;Seria \u00f3timo cuidar do hotel juntos. Eu posso cuidar, cuidava da fazenda. Vou gostar muito de trabalhar num hotel, ainda mais do teu lado&#8221;. Vivi conta mais: &#8220;Eu&#8230; Eu tenho que te dizer. Eu vou ter que desistir de ser a Vivi Guedes. Eu n\u00e3o vou postar porque a gente vai estar num lugar secreto, a Vivi Guedes vai desaparecer. Mas Chiclete, eu te amo demais. Eu seria capaz de tudo por voc\u00ea. At\u00e9 de viver outra vida, ser outra pessoa a teu lado &#8230; Eu vou fazer isso por voc\u00ea&#8221;. Cena prevista para dia 21 de outubro na novela \u201cA Dona do Peda\u00e7o\u201d.<\/p>\n<p>\u201cA Dona do Peda\u00e7o\u201d: a novela enaltece a trajet\u00f3ria de Maria da Paz (Juliana Paes), uma jovem humilde, da cidade fict\u00edcia de Rio Vermelho, no Esp\u00edrito Santo. Maria vem de uma fam\u00edlia de justiceiros profissionais, os Ramirez, e se apaixona justamente por Amadeu (Marcos Palmeira), advogado formado em Vit\u00f3ria e membro do cl\u00e3 rival nos neg\u00f3cios, os Matheus. A trama, dividida em um pr\u00f3logo e duas fases, traz uma hist\u00f3ria de amor com elementos \u00e0 Romeu e Julieta, sem perder o humor, que permeia todo o folhetim.<\/p>\n","protected":false},"excerpt":{"rendered":"<p>Novela &#8220;A Dona do Peda\u00e7o\u201d: Vivi (Paolla Oliveira) reata com Chiclete (Sergio Guiz\u00e9) e trai Camilo (Lee Taylor). Berta (Ana Lucia Torre) vira c\u00famplice do casal e facilita os encontros do casal. Com medo do marido, Vivi arma um plano de fuga com seu pai Ot\u00e1vio (Jos\u00e9 de Abreu) e conta para o amante: &#8220;Ele [&hellip;]<\/p>\n","protected":false},"author":2,"featured_media":177935,"comment_status":"open","ping_status":"closed","sticky":false,"template":"","format":"standard","meta":{"tdm_status":"","tdm_grid_status":"","footnotes":""},"categories":[543,388,379,375,343],"tags":[440],"class_list":{"0":"post-182698","1":"post","2":"type-post","3":"status-publish","4":"format-standard","5":"has-post-thumbnail","7":"category-a-dona-do-pedaco","8":"category-destaques","9":"category-novelas","10":"category-rede-globo","11":"category-televisao","12":"tag-noticia-novela"},"_links":{"self":[{"href":"https:\/\/migracao.redenoticia.com.br\/noticia\/wp-json\/wp\/v2\/posts\/182698","targetHints":{"allow":["GET"]}}],"collection":[{"href":"https:\/\/migracao.redenoticia.com.br\/noticia\/wp-json\/wp\/v2\/posts"}],"about":[{"href":"https:\/\/migracao.redenoticia.com.br\/noticia\/wp-json\/wp\/v2\/types\/post"}],"author":[{"embeddable":true,"href":"https:\/\/migracao.redenoticia.com.br\/noticia\/wp-json\/wp\/v2\/users\/2"}],"replies":[{"embeddable":true,"href":"https:\/\/migracao.redenoticia.com.br\/noticia\/wp-json\/wp\/v2\/comments?post=182698"}],"version-history":[{"count":0,"href":"https:\/\/migracao.redenoticia.com.br\/noticia\/wp-json\/wp\/v2\/posts\/182698\/revisions"}],"wp:featuredmedia":[{"embeddable":true,"href":"https:\/\/migracao.redenoticia.com.br\/noticia\/wp-json\/wp\/v2\/media\/177935"}],"wp:attachment":[{"href":"https:\/\/migracao.redenoticia.com.br\/noticia\/wp-json\/wp\/v2\/media?parent=182698"}],"wp:term":[{"taxonomy":"category","embeddable":true,"href":"https:\/\/migracao.redenoticia.com.br\/noticia\/wp-json\/wp\/v2\/categories?post=182698"},{"taxonomy":"post_tag","embeddable":true,"href":"https:\/\/migracao.redenoticia.com.br\/noticia\/wp-json\/wp\/v2\/tags?post=182698"}],"curies":[{"name":"wp","href":"https:\/\/api.w.org\/{rel}","templated":true}]}}