{"id":182700,"date":"2019-10-01T23:09:25","date_gmt":"2019-10-02T02:09:25","guid":{"rendered":"https:\/\/www.redenoticia.com.br\/noticia\/?p=182700"},"modified":"2019-10-01T23:42:46","modified_gmt":"2019-10-02T02:42:46","slug":"novela-avenida-brasil-tufao-marca-um-golaco","status":"publish","type":"post","link":"https:\/\/migracao.redenoticia.com.br\/noticia\/2019\/novela-avenida-brasil-tufao-marca-um-golaco\/182700","title":{"rendered":"Novela \u201cAvenida Brasil\u201d: Tuf\u00e3o marca um gola\u00e7o"},"content":{"rendered":"<p><img loading=\"lazy\" decoding=\"async\" class=\"aligncenter size-large wp-image-182543\" src=\"https:\/\/migracao.redenoticia.com.br\/noticia\/imagens\/avenida-brasil-resumo-capitulo-01-348x300.jpg\" alt=\"\" width=\"348\" height=\"300\" srcset=\"https:\/\/migracao.redenoticia.com.br\/noticia\/imagens\/avenida-brasil-resumo-capitulo-01-348x300.jpg 348w, https:\/\/migracao.redenoticia.com.br\/noticia\/imagens\/avenida-brasil-resumo-capitulo-01-217x187.jpg 217w, https:\/\/migracao.redenoticia.com.br\/noticia\/imagens\/avenida-brasil-resumo-capitulo-01-534x462.jpg 534w, https:\/\/migracao.redenoticia.com.br\/noticia\/imagens\/avenida-brasil-resumo-capitulo-01.jpg 590w\" sizes=\"auto, (max-width: 348px) 100vw, 348px\" \/> <strong><em>Novela \u201cAvenida Brasil\u201d:<\/em><\/strong> Depois de muita expectativa, chega o momento da grande decis\u00e3o do campeonato carioca. Tuf\u00e3o (Murilo Ben\u00edcio), artilheiro pelo Flamengo, entra no gramado ovacionado pela torcida.<\/p>\n<p>A bola rola em campo e, para o desespero de Monalisa (Helo\u00edsa P\u00e9riss\u00e9) e dos pais do jogador, Leleco (Marcos Maruso) e Muricy (Eliane Giardini), o time advers\u00e1rio sai na frente e abre o placar.<\/p>\n<p>Tuf\u00e3o acerta uma bola na trave e a namorada torce para que ele consiga virar o jogo. At\u00e9 que o artilheiro consegue roubar uma bola, penetra na grande \u00e1rea, marca um gola\u00e7o e corre para comemorar. E para a surpresa de Monalisa, ele levanta a blusa do time e veste outra embaixo com a frase \u201cMonalisa eu te amo\u201d.<\/p>\n<p>Emocionada, ela cumpre a promessa e pede para Olenka (Fab\u00edola Nascimento) cortar seu cabelo bem curto.<\/p>\n<p>No est\u00e1dio, o rel\u00f3gio marca 43 minutos do segundo tempo e Tuf\u00e3o sofre uma falta. A torcida se levanta. Os pais do jogador rezam.<\/p>\n<p>Tuf\u00e3o cobra a falta e faz o gol do t\u00edtulo do campeonato carioca. Ele sai carregado no ombro dos outros jogadores e comemora com a torcida. Cena prevista para outubro na novela \u201cAvenida Brasil\u201d.<\/p>\n<p>\u201cAvenida Brasil\u201d: a hist\u00f3ria de uma jovem que, desde os 11 anos, planeja um acerto de contas com a madrasta. Rita (Mel Maia), \u00f3rf\u00e3 de m\u00e3e, era criada, com muito amor, pelo pai Gen\u00e9sio (Tony Ramos). Tudo muda quando ele se casa com Carmen L\u00facia, a Carminha (Adriana Esteves), uma mulher ambiciosa e dissimulada. Com Gen\u00e9sio, ela se passava por esposa doce e dedicada; com Rita, era uma madrasta m\u00e1.<\/p>\n<p>A menina entra em desespero ao descobrir, ap\u00f3s ouvir uma conversa da madrasta ao telefone, que Carminha est\u00e1 armando um golpe contra seu pai: ele ser\u00e1 abordado na sa\u00edda do banco, logo ap\u00f3s receber o pagamento pela venda da casa onde mora com a filha e a nova esposa.<\/p>\n","protected":false},"excerpt":{"rendered":"<p>Novela \u201cAvenida Brasil\u201d: Depois de muita expectativa, chega o momento da grande decis\u00e3o do campeonato carioca. Tuf\u00e3o (Murilo Ben\u00edcio), artilheiro pelo Flamengo, entra no gramado ovacionado pela torcida. A bola rola em campo e, para o desespero de Monalisa (Helo\u00edsa P\u00e9riss\u00e9) e dos pais do jogador, Leleco (Marcos Maruso) e Muricy (Eliane Giardini), o time [&hellip;]<\/p>\n","protected":false},"author":2,"featured_media":182544,"comment_status":"open","ping_status":"closed","sticky":false,"template":"","format":"standard","meta":{"tdm_status":"","tdm_grid_status":"","footnotes":""},"categories":[549,379,375,343],"tags":[440],"class_list":{"0":"post-182700","1":"post","2":"type-post","3":"status-publish","4":"format-standard","5":"has-post-thumbnail","7":"category-avenida-brasil","8":"category-novelas","9":"category-rede-globo","10":"category-televisao","11":"tag-noticia-novela"},"_links":{"self":[{"href":"https:\/\/migracao.redenoticia.com.br\/noticia\/wp-json\/wp\/v2\/posts\/182700","targetHints":{"allow":["GET"]}}],"collection":[{"href":"https:\/\/migracao.redenoticia.com.br\/noticia\/wp-json\/wp\/v2\/posts"}],"about":[{"href":"https:\/\/migracao.redenoticia.com.br\/noticia\/wp-json\/wp\/v2\/types\/post"}],"author":[{"embeddable":true,"href":"https:\/\/migracao.redenoticia.com.br\/noticia\/wp-json\/wp\/v2\/users\/2"}],"replies":[{"embeddable":true,"href":"https:\/\/migracao.redenoticia.com.br\/noticia\/wp-json\/wp\/v2\/comments?post=182700"}],"version-history":[{"count":0,"href":"https:\/\/migracao.redenoticia.com.br\/noticia\/wp-json\/wp\/v2\/posts\/182700\/revisions"}],"wp:featuredmedia":[{"embeddable":true,"href":"https:\/\/migracao.redenoticia.com.br\/noticia\/wp-json\/wp\/v2\/media\/182544"}],"wp:attachment":[{"href":"https:\/\/migracao.redenoticia.com.br\/noticia\/wp-json\/wp\/v2\/media?parent=182700"}],"wp:term":[{"taxonomy":"category","embeddable":true,"href":"https:\/\/migracao.redenoticia.com.br\/noticia\/wp-json\/wp\/v2\/categories?post=182700"},{"taxonomy":"post_tag","embeddable":true,"href":"https:\/\/migracao.redenoticia.com.br\/noticia\/wp-json\/wp\/v2\/tags?post=182700"}],"curies":[{"name":"wp","href":"https:\/\/api.w.org\/{rel}","templated":true}]}}