{"id":182796,"date":"2019-10-02T16:17:30","date_gmt":"2019-10-02T19:17:30","guid":{"rendered":"https:\/\/www.redenoticia.com.br\/noticia\/?p=182796"},"modified":"2019-10-02T16:17:30","modified_gmt":"2019-10-02T19:17:30","slug":"resumo-novela-abismo-de-paixao-03-10branca-morre","status":"publish","type":"post","link":"https:\/\/migracao.redenoticia.com.br\/noticia\/2019\/resumo-novela-abismo-de-paixao-03-10branca-morre\/182796","title":{"rendered":"Resumo novela \u201cAbismo de Paix\u00e3o\u201d 03\/10:Branca morre"},"content":{"rendered":"<p> <img loading=\"lazy\" decoding=\"async\" class=\"aligncenter size-large wp-image-181127\" src=\"https:\/\/migracao.redenoticia.com.br\/noticia\/imagens\/abismo-de-paixao-sbt-resumo-327x300.jpg\" alt=\"\" width=\"327\" height=\"300\" srcset=\"https:\/\/migracao.redenoticia.com.br\/noticia\/imagens\/abismo-de-paixao-sbt-resumo-327x300.jpg 327w, https:\/\/migracao.redenoticia.com.br\/noticia\/imagens\/abismo-de-paixao-sbt-resumo-204x187.jpg 204w, https:\/\/migracao.redenoticia.com.br\/noticia\/imagens\/abismo-de-paixao-sbt-resumo.jpg 426w\" sizes=\"auto, (max-width: 327px) 100vw, 327px\" \/><\/p>\n<p><strong><em>Resumo da novela \u201cAbismo de Paix\u00e3o\u201d<\/em><\/strong> em 03\/10: no cap\u00edtulo 028(*) da novela, quinta-feira, 03 de outubro, Branca morre e Elisa se sente culpada por t\u00ea-la deixado sozinha. Dami\u00e3o a diz que ela n\u00e3o \u00e9 culpada de nada e tampouco poderia ter feito algo. Dami\u00e3o diz a sua m\u00e3e que Branca morreu e que vai se encarregar de todos os gastos. Almerinda, zangada, responde que ele n\u00e3o tem nenhuma obriga\u00e7\u00e3o. Dami\u00e3o responde que, de todo modo, ir\u00e1 se encarregar disso. Flor\u00eancia pergunta a Almerinda porque a morte de Branca afetou tanto Dami\u00e3o. Almerinda responde que ele a conhece desde que era pequeno, e aconselha a acompanhar Dami\u00e3o no cortejo, pois Elisa era afilhada da falecida. Hor\u00e1cio diz a Ramiro que cumpriu com o trabalho que ele o deu, e agora ele precisa lhe dar o que prometeu.<\/p>\n<p>Ramiro, furioso, o sacode dizendo que quem morreu foi Branca, e n\u00e3o o dar\u00e1 nada. Ele ainda diz que caso ele abra a boca e conte o crime lhe dar\u00e1 algo que ele nunca se esquecer\u00e1. Paulo chega \u00e0 casa de Elisa e diz a Dolores que a casa de modas explodiu e uma mulher morreu. Elisa chega em casa, chorando, e diz a seu pai que sua madrinha acaba de falecer. Carmen sugere a Paulo que aproveite a oportunidade, pois Elisa est\u00e1 muito vulner\u00e1vel, j\u00e1 que Branca era muito importante pra ela. Br\u00e1ulio diz a Dami\u00e3o que os peritos disseram que o inc\u00eandio que resultou na morte de Branca pode ter sido provocado.<\/p>\n<p>Ramiro chega para dar os p\u00easames a L\u00facio, que grita que Ramiro \u00e9 um assassino. L\u00facio diz a Dami\u00e3o que Gael est\u00e1 certo que Ramiro teve a ver com o inc\u00eandio porque o odeia. Dami\u00e3o responde que se fosse assim, o vitimado seria L\u00facio, j\u00e1 que Ramiro n\u00e3o tinha nada contra Branca. L\u00facio contesta, dizendo que Ramiro quis pegar aonde mais o doeria. O Padre Lupe diz a Ramiro que respeite a dor de L\u00facio e v\u00e1 embora. Dolores tenta consolar Elisa, que a diz que em frente a seu padrinho teve de se mostrar forte, mas por dentro est\u00e1 em peda\u00e7os.<\/p>\n<p>Elisa diz que a morte de Branca \u00e9 como reviver a morte de sua m\u00e3e. Carmen recrimina Augusto por ter ido ao funeral de Branca. Augusto a responde que tinha o dever de ir, e que lamenta muito n\u00e3o t\u00ea-la escutado sobre o assunto que ela queria lhe falar. Paulo diz a Elisa que deseja lhe dar todo seu apoio. Carmen, muito feliz, fica pensando que foi uma grande sorte que Branca tenha levado seu segredo para o tumulo.<\/p>\n<p>(*) edi\u00e7\u00e3o do SBT, Novela \u201cAbismo de Paix\u00e3o\u201d, sujeito a altera\u00e7\u00e3o de data e conte\u00fado.<\/p>\n<p>&#8220;Abismo de Paix\u00e3o&#8221;- Augusto Casta\u00f1\u00f3n (Alejandro Camacho) e Estef\u00e2nia Bouvier de Casta\u00f1\u00f3n (Ludwika Paleta) s\u00e3o pais de Elisa (Angelique Boyer). Com eles vive Carmen Bouvier (Sabine Moussier), irm\u00e3 mais velha de Estef\u00e2nia e que vai fugir do povoado com Rog\u00e9rio Arango (C\u00e9sar \u00c9vora), esposo de Almerinda Arango (Blanca Guerra) e pai de Dami\u00e3o (David Zepeda), melhor amigo de Elisa. Almerinda descobre e alerta a Augusto.<\/p>\n<p>Por sua parte, Estef\u00e2nia tenta impedir Rog\u00e9rio a n\u00e3o abandonar sua fam\u00edlia, mas devido ao intemp\u00e9rie da chuva, ambos morrem em um acidente de carro. Carmem aproveita o fato para fazer Augusto acreditar que sua esposa era infiel. Augusto, por despeito, casa-se com Carmem, apesar de n\u00e3o estar apaixonado por ela e nem am\u00e1-la. Carmem est\u00e1 gr\u00e1vida de Rog\u00e9rio, mas mente para Augusto, dizendo que o filho \u00e9 dele. <\/p>\n<p>Querendo bater em Elisa, Carmem escorrega e cai na piscina da casa, causando morte s\u00fabita ao beb\u00ea. Por sua parte, Almerinda decide mandar a Dami\u00e3o para fora do povoado a estudar para separ\u00e1-lo de Elisa de quem \u00e9 muito amigo, amizade que ela n\u00e3o v\u00ea com bons olhos, ap\u00f3s inocentemente os dois fugirem juntos.<\/p>\n","protected":false},"excerpt":{"rendered":"<p>Resumo da novela \u201cAbismo de Paix\u00e3o\u201d em 03\/10: no cap\u00edtulo 028(*) da novela, quinta-feira, 03 de outubro, Branca morre e Elisa se sente culpada por t\u00ea-la deixado sozinha. Dami\u00e3o a diz que ela n\u00e3o \u00e9 culpada de nada e tampouco poderia ter feito algo. Dami\u00e3o diz a sua m\u00e3e que Branca morreu e que vai [&hellip;]<\/p>\n","protected":false},"author":2,"featured_media":181126,"comment_status":"open","ping_status":"closed","sticky":false,"template":"","format":"standard","meta":{"tdm_status":"","tdm_grid_status":"","footnotes":""},"categories":[379,372,343],"tags":[441],"class_list":{"0":"post-182796","1":"post","2":"type-post","3":"status-publish","4":"format-standard","5":"has-post-thumbnail","7":"category-novelas","8":"category-sbt","9":"category-televisao","10":"tag-resumo-do-dia"},"_links":{"self":[{"href":"https:\/\/migracao.redenoticia.com.br\/noticia\/wp-json\/wp\/v2\/posts\/182796","targetHints":{"allow":["GET"]}}],"collection":[{"href":"https:\/\/migracao.redenoticia.com.br\/noticia\/wp-json\/wp\/v2\/posts"}],"about":[{"href":"https:\/\/migracao.redenoticia.com.br\/noticia\/wp-json\/wp\/v2\/types\/post"}],"author":[{"embeddable":true,"href":"https:\/\/migracao.redenoticia.com.br\/noticia\/wp-json\/wp\/v2\/users\/2"}],"replies":[{"embeddable":true,"href":"https:\/\/migracao.redenoticia.com.br\/noticia\/wp-json\/wp\/v2\/comments?post=182796"}],"version-history":[{"count":0,"href":"https:\/\/migracao.redenoticia.com.br\/noticia\/wp-json\/wp\/v2\/posts\/182796\/revisions"}],"wp:featuredmedia":[{"embeddable":true,"href":"https:\/\/migracao.redenoticia.com.br\/noticia\/wp-json\/wp\/v2\/media\/181126"}],"wp:attachment":[{"href":"https:\/\/migracao.redenoticia.com.br\/noticia\/wp-json\/wp\/v2\/media?parent=182796"}],"wp:term":[{"taxonomy":"category","embeddable":true,"href":"https:\/\/migracao.redenoticia.com.br\/noticia\/wp-json\/wp\/v2\/categories?post=182796"},{"taxonomy":"post_tag","embeddable":true,"href":"https:\/\/migracao.redenoticia.com.br\/noticia\/wp-json\/wp\/v2\/tags?post=182796"}],"curies":[{"name":"wp","href":"https:\/\/api.w.org\/{rel}","templated":true}]}}