{"id":1828,"date":"2009-05-20T17:12:42","date_gmt":"2009-05-20T21:12:42","guid":{"rendered":"http:\/\/www.redenoticia.com.br\/noticia\/?p=1828"},"modified":"2009-05-21T11:52:39","modified_gmt":"2009-05-21T15:52:39","slug":"abertura-dos-jem%e2%80%99s-em-ji-parana-tera-atracoes","status":"publish","type":"post","link":"https:\/\/migracao.redenoticia.com.br\/noticia\/2009\/abertura-dos-jem%e2%80%99s-em-ji-parana-tera-atracoes\/1828","title":{"rendered":"Abertura dos JEM\u2019s em Ji-Paran\u00e1 ter\u00e1 atra\u00e7\u00f5es"},"content":{"rendered":"<p><span style=\"font-family: Arial;\"><a href=\"https:\/\/migracao.redenoticia.com.br\/noticia\/imagens\/\/jems.jpg\"><img loading=\"lazy\" decoding=\"async\" class=\"alignleft size-full wp-image-1827\" title=\"jems\" src=\"https:\/\/migracao.redenoticia.com.br\/noticia\/imagens\/\/jems.jpg\" alt=\"jems\" width=\"150\" height=\"113\" \/><\/a>A abertura dos<span style=\"color: black;\"> Jogos Escolares Municipais de 2009 ser\u00e1 nesta sexta (22) no Gerivald\u00e3o, \u00e0s 19h30.<\/span><\/span><\/p>\n<p class=\"MsoNormal\"><span style=\"font-family: Arial; color: black;\">Segundo a coordenadora do evento, T\u00e2nia Vagetti, 24 escolas estar\u00e3o se apresentando, compostas por 20 estaduais, 3 particulares e 1 municipal (Celso Rocco).<\/span><\/p>\n<p class=\"MsoNormal\"><span style=\"font-family: Arial; color: black;\">O Juramento ser\u00e1 feito por uma esportista de destaque nacional em 2008, aluna da Escola Lauro Benno. A Pira Ol\u00edmpica ser\u00e1 acesa por aluno de futsal do CEULJI\/ULBRA, tamb\u00e9m destaque nacional em 2008.<\/span><\/p>\n<p class=\"MsoNormal\"><span style=\"font-family: Arial; color: black;\">O evento contar\u00e1 ainda com uma partida de v\u00f4lei entre as escolas J\u00falio Guerra e Gon\u00e7alves Dias.<\/span><\/p>\n<p class=\"MsoNormal\"><span style=\"font-family: Arial; color: black;\">A Representante de Ensino de Ji-Paran\u00e1, Sineide Muller, informou que diversas autoridades do estado foram convidadas e j\u00e1 confirmaram presen\u00e7a na solenidade de abertura.<\/span><\/p>\n<p class=\"MsoNormal\"><span style=\"font-family: Arial; color: black;\"> As disputas ocorrer\u00e3o at\u00e9 o dia 31 e servir\u00e3o como classificat\u00f3rias para a etapa regional.<\/span><\/p>\n<p><span style=\"font-size: 12pt; font-family: Arial; color: black;\"> A agenda dos jogos ser\u00e1 divulgada em breve pela Representa\u00e7\u00e3o de Ensino.<\/span><\/p>\n","protected":false},"excerpt":{"rendered":"<p>A abertura dos Jogos Escolares Municipais de 2009 ser\u00e1 nesta sexta (22) no Gerivald\u00e3o, \u00e0s 19h30. Segundo a coordenadora do evento, T\u00e2nia Vagetti, 24 escolas estar\u00e3o se apresentando, compostas por 20 estaduais, 3 particulares e 1 municipal (Celso Rocco). O Juramento ser\u00e1 feito por uma esportista de destaque nacional em 2008, aluna da Escola Lauro [&hellip;]<\/p>\n","protected":false},"author":3,"featured_media":0,"comment_status":"open","ping_status":"open","sticky":false,"template":"","format":"standard","meta":{"tdm_status":"","tdm_grid_status":"","footnotes":""},"categories":[22],"tags":[],"class_list":{"0":"post-1828","1":"post","2":"type-post","3":"status-publish","4":"format-standard","6":"category-brasil"},"_links":{"self":[{"href":"https:\/\/migracao.redenoticia.com.br\/noticia\/wp-json\/wp\/v2\/posts\/1828","targetHints":{"allow":["GET"]}}],"collection":[{"href":"https:\/\/migracao.redenoticia.com.br\/noticia\/wp-json\/wp\/v2\/posts"}],"about":[{"href":"https:\/\/migracao.redenoticia.com.br\/noticia\/wp-json\/wp\/v2\/types\/post"}],"author":[{"embeddable":true,"href":"https:\/\/migracao.redenoticia.com.br\/noticia\/wp-json\/wp\/v2\/users\/3"}],"replies":[{"embeddable":true,"href":"https:\/\/migracao.redenoticia.com.br\/noticia\/wp-json\/wp\/v2\/comments?post=1828"}],"version-history":[{"count":0,"href":"https:\/\/migracao.redenoticia.com.br\/noticia\/wp-json\/wp\/v2\/posts\/1828\/revisions"}],"wp:attachment":[{"href":"https:\/\/migracao.redenoticia.com.br\/noticia\/wp-json\/wp\/v2\/media?parent=1828"}],"wp:term":[{"taxonomy":"category","embeddable":true,"href":"https:\/\/migracao.redenoticia.com.br\/noticia\/wp-json\/wp\/v2\/categories?post=1828"},{"taxonomy":"post_tag","embeddable":true,"href":"https:\/\/migracao.redenoticia.com.br\/noticia\/wp-json\/wp\/v2\/tags?post=1828"}],"curies":[{"name":"wp","href":"https:\/\/api.w.org\/{rel}","templated":true}]}}